
{"id":516,"date":"2008-06-18T08:00:27","date_gmt":"2008-06-18T06:00:27","guid":{"rendered":"http:\/\/adamczewski.blog.polityka.pl\/?p=516"},"modified":"2008-06-18T08:36:00","modified_gmt":"2008-06-18T06:36:00","slug":"zgadnij-co-gotujemy-95","status":"publish","type":"post","link":"https:\/\/blog.polityka.pl\/adamczewski\/2008\/06\/18\/zgadnij-co-gotujemy-95\/","title":{"rendered":"Zgadnij co gotujemy? (95)"},"content":{"rendered":"<p>Siedz\u0119 i my\u015bl\u0119 co tu zrobi\u0107 na dzisiejszy obiad. Mam kawa\u0142 pi\u0119knego schabu, szparagi, trzy gatunki sa\u0142aty i niez\u0142e wino z po\u0142udnia W\u0142och. Nic mi nie przychodzi\u0142o do g\u0142owy a\u017c do momentu gdy si\u0119gn\u0105\u0142em po ksi\u0105\u017ck\u0119 Basi &#8222;Drugie dania&#8221;. I problem zosta\u0142 rozwi\u0105zany. Pomy\u015bla\u0142em wi\u0119c, \u017ce to doskona\u0142a nagroda w kolejnym quizie. Nie tylko ja b\u0119d\u0119 m\u00f3g\u0142 u\u0142atwia\u0107 sobie \u017cycie ale i zwyci\u0119zca\u00a0 zgadywanki tak\u017ce. No to do roboty:<\/p>\n<p>1. Jak nazywa\u0142 si\u0119 francuski aptekarz (1737 &#8211; 1813) dzi\u0119ki, kt\u00f3remu najpierw nad Sekwan\u0105 a potem i w innych krajach Europy zacz\u0119\u0142a si\u0119 moda na kartofle bez kt\u00f3rych teraz trudno my\u015ble\u0107 o obiedzie?<br \/>\n2. Pyszne, cienkie kie\u0142baski z drobno mielonej wieprzowiny, ciel\u0119ciny lub nawet drobiu to par\u00f3wki &#8211; sk\u0105d ta nazwa?<br \/>\n3. Czy m\u0119czennica jadalna to osoba skazana na obiad z trudem przez m\u0119\u017ca-kucharza wymy\u015blony i przyrz\u0105dzony czy&#8230;?<\/p>\n<p>Je\u015bli wiecie to piszcie na adres\u00a0\u00a0\u00a0\u00a0 <a href=\"mailto:internet@polityka.com.pl\">internet@polityka.com.pl<\/a>\u00a0\u00a0 a ja zwyci\u0119zcy wy\u015bl\u0119 ksi\u0105\u017ck\u0119 Barbary Adamczewskiej z serii Encyklopedia gotowania z autografem autorki i moj\u0105 dedykacj\u0105. Czekam!<\/p>\n","protected":false},"excerpt":{"rendered":"<p>Siedz\u0119 i my\u015bl\u0119 co tu zrobi\u0107 na dzisiejszy obiad. Mam kawa\u0142 pi\u0119knego schabu, szparagi, trzy gatunki sa\u0142aty i niez\u0142e wino z po\u0142udnia W\u0142och. Nic mi nie przychodzi\u0142o do g\u0142owy a\u017c do momentu gdy si\u0119gn\u0105\u0142em po ksi\u0105\u017ck\u0119 Basi &#8222;Drugie dania&#8221;. I problem zosta\u0142 rozwi\u0105zany. Pomy\u015bla\u0142em wi\u0119c, \u017ce to doskona\u0142a nagroda w kolejnym quizie. Nie tylko ja [&hellip;]<\/p>\n","protected":false},"author":2,"featured_media":0,"comment_status":"open","ping_status":"open","sticky":false,"template":"","format":"standard","meta":{"footnotes":""},"categories":[1],"tags":[],"_links":{"self":[{"href":"https:\/\/blog.polityka.pl\/adamczewski\/wp-json\/wp\/v2\/posts\/516"}],"collection":[{"href":"https:\/\/blog.polityka.pl\/adamczewski\/wp-json\/wp\/v2\/posts"}],"about":[{"href":"https:\/\/blog.polityka.pl\/adamczewski\/wp-json\/wp\/v2\/types\/post"}],"author":[{"embeddable":true,"href":"https:\/\/blog.polityka.pl\/adamczewski\/wp-json\/wp\/v2\/users\/2"}],"replies":[{"embeddable":true,"href":"https:\/\/blog.polityka.pl\/adamczewski\/wp-json\/wp\/v2\/comments?post=516"}],"version-history":[{"count":0,"href":"https:\/\/blog.polityka.pl\/adamczewski\/wp-json\/wp\/v2\/posts\/516\/revisions"}],"wp:attachment":[{"href":"https:\/\/blog.polityka.pl\/adamczewski\/wp-json\/wp\/v2\/media?parent=516"}],"wp:term":[{"taxonomy":"category","embeddable":true,"href":"https:\/\/blog.polityka.pl\/adamczewski\/wp-json\/wp\/v2\/categories?post=516"},{"taxonomy":"post_tag","embeddable":true,"href":"https:\/\/blog.polityka.pl\/adamczewski\/wp-json\/wp\/v2\/tags?post=516"}],"curies":[{"name":"wp","href":"https:\/\/api.w.org\/{rel}","templated":true}]}}