
{"id":5174,"date":"2012-09-11T08:00:46","date_gmt":"2012-09-11T06:00:46","guid":{"rendered":"http:\/\/adamczewski.blog.polityka.pl\/?p=5174"},"modified":"2012-09-11T11:09:08","modified_gmt":"2012-09-11T09:09:08","slug":"sowa-ma-wreszcie-wlasna-dziuple","status":"publish","type":"post","link":"https:\/\/blog.polityka.pl\/adamczewski\/2012\/09\/11\/sowa-ma-wreszcie-wlasna-dziuple\/","title":{"rendered":"Sowa ma wreszcie w\u0142asn\u0105 dziupl\u0119"},"content":{"rendered":"<p>\u00a0Prawd\u0119 m\u00f3wi\u0105c dziupla nie jest ma\u0142a i nale\u017ca\u0142oby j\u0105 jako\u015b inaczej nazwa\u0107. Otwarta w\u0142a\u015bnie w Warszawie restauracja &#8222;Sowa&amp;Przyjaciele&#8221; jest lokalem zar\u00f3wno wytwornym jak i klimatycznym czy wr\u0119cz przytulnym (mimo sporych rozmiar\u00f3w). Ale klimat i przytulno\u015b\u0107 tworzy sam Robert Sowa i jego wspania\u0142a, m\u0142oda acz wielce ju\u017c utytu\u0142owana za\u0142oga.<\/p>\n<p><!--more--><\/p>\n<p>O niekt\u00f3rych cz\u0142onkach zespo\u0142u smakosze (i to nie tylko sto\u0142eczni) ju\u017c s\u0142yszeli a o pozosta\u0142ych us\u0142ysz\u0105 wkr\u00f3tce, gdy opublikowane zostan\u0105 recenzje w gazetach i kolorowych pismach, \u017ce o stacjach telewizyjnych nie wspomn\u0119. Mog\u0119 bez za\u017cenowania pisa\u0107 te pochwa\u0142y, bo by\u0142em i jad\u0142em. Zanim jednak zdam sprawozdanie z mojego sto\u0142u, to chc\u0119 przedstawi\u0107 tych, dzi\u0119ki kt\u00f3rym mog\u0142em prze\u017cywa\u0107 orgi\u0119 smak\u00f3w. Oto lista szef\u00f3w kuchni:<br \/>\nKonrad Birek &#8211; Szef Kuchni<br \/>\nOd wielu lat prawa r\u0119ka Roberta. Wsp\u00f3lnie pracowali przez wiele lat w Hotelu Sobieski. Towarzyszy Robertowi we wszystkich dzia\u0142aniach kulinarnych. Dania komponuje z lekko\u015bci\u0105 i finezj\u0105, co\u00a0 nie dziwi, bo pochodzi z najlepszej i chyba najliczniejszej polskiej rodziny kulinarnej. Znacie to nazwisko, bo ju\u017c pisa\u0142em o klanie Birk\u00f3w prezentuj\u0105c ksi\u0105\u017ck\u0119 ojca rodu\u00a0&#8211; Stefana.<\/p>\n<p>Robert Wojnarowski &#8211; Zast\u0119pca Szefa Kuchni<br \/>\nWieloletni wsp\u00f3\u0142pracownik Roberta. Jego kulinarne do\u015bwiadczenie to w du\u017cej mierze praca z Robertem\u00a0&#8211; najpierw praktyki, potem kilka lat wsp\u00f3lnej pracy w Hotelu Sobieski i dzia\u0142a\u0144 w ramach Studia Kulinarnego Roberta Sowy.<br \/>\nUwielbia nowinki kulinarne i eksperymenty w kuchni. I\u00a0 robi\u00a0&#8211; jak sam twierdzi &#8211; najlepsz\u0105 szarlotk\u0119 na \u015bwiecie! Laureat wielu konkurs\u00f3w kulinarnych.<\/p>\n<p>Andrea Camastra &#8211; Szef kuchni<br \/>\nDo niedawna pracowa\u0142 na stanowisku Executive Sous Chef w warszawskiej restauracji nominowanej do\u00a0 gwiazdki Michelin.<br \/>\nW roku 2011 prowadzi\u0142 szkolenia dla szef\u00f3w kuchni i kucharzy w Hotelach Sheraton i Intercontinental z zakresu sous vide oraz kuchni molekularnej i tradycyjnej.<\/p>\n<p>Maciej Si\u0105kowski\u00a0&#8211; Zast\u0119pca szefa kuchni<br \/>\nBardzo m\u0142ody i bardzo zdolny. Przez ostatni rok zast\u0119pca szefa kuchni restauracji &#8222;Revelo&#8221; w \u0141odzi, laureat wielu nagr\u00f3d w konkursach, m.in.:<br \/>\nI miejsce w polskich eliminacjach do konkursu Bocuse d&#8217;Or<br \/>\nI miejsce w Primerba Cup 2010<br \/>\nKrzysztof Kopci\u0144ski\u00a0&#8211; szef cukierni.<br \/>\nTe\u017c dorobek ma imponuj\u0105cy. Ostatnie dwa lata &#8211; restauracja &#8222;Tamka 43&#8221;, przedtem szef cukierni w restauracji &#8222;Balgera&#8221;.<\/p>\n<p><a href=\"\/wp-content\/uploads\/2012\/09\/Sowa-and-Przyjaciele1.jpg\"><img loading=\"lazy\" decoding=\"async\" class=\"aligncenter size-medium wp-image-5176\" title=\"Sowa and Przyjaciele1\" src=\"\/wp-content\/uploads\/2012\/09\/Sowa-and-Przyjaciele1-300x199.jpg\" alt=\"\" width=\"300\" height=\"199\" srcset=\"\/adamczewski\/wp-content\/uploads\/2012\/09\/Sowa-and-Przyjaciele1-300x199.jpg 300w, \/adamczewski\/wp-content\/uploads\/2012\/09\/Sowa-and-Przyjaciele1.jpg 640w\" sizes=\"(max-width: 300px) 100vw, 300px\" \/><\/a><\/p>\n<p>Teraz mog\u0119 ju\u017c pokaza\u0107 kart\u0119 da\u0144, kt\u00f3rymi Robert i jego za\u0142oga (na zdj\u0119ciu) uwiedli go\u015bci uczestnicz\u0105cych w spotkaniu:<\/p>\n<p>MENU<br \/>\n10 wrze\u015bnia 2012<br \/>\n****<br \/>\n\u0141oso\u015b norweski confit z galaretk\u0105 rabarbarow\u0105<br \/>\npodany na ch\u0142odniku z m\u0142odej botwiny z jogurtem i granulowanym anchois<br \/>\nWino: Cremant d&#8217;Alsace Rose<br \/>\nAC Alsace, Runner, Francja<\/p>\n<p>****<br \/>\nFoie gras aromatyzowana wi\u015bniami z hibiskusem<br \/>\npodana z plastrami w\u0119dzonego dzika, karmelizowanymi orzeszkami\u00a0 pinii<br \/>\ni pikantnym chutneyem z fig<br \/>\nWino: Gewurztraminer 2010<br \/>\nAC Alsace, Runner, Francja<\/p>\n<p>****<br \/>\nBisque ze skorupiak\u00f3w z marynowanym mi\u0119sem kraba z Alaski<br \/>\ni sosem vinaigrette z\u00a0 je\u017cowca<br \/>\nWino: Sauvignon Blanc 2011<br \/>\nMarlborough, Greywacke, Nowa Zelandia<\/p>\n<p>****<br \/>\nW\u0119dzona pier\u015b z g\u0119si ko\u0142udzkiej<br \/>\npodana na pur\u00e9e kalafiorowo-waniliowym,<br \/>\nz\u00a0 glazurowanymi buraczkami i emulsj\u0105 z le\u015bnych zi\u00f3\u0142<br \/>\nWino: Chateau de Montfucon &#8222;Baron Louis&#8221; 2009<br \/>\nAOC Cotes du Rhone, Chateau de Montfucon, Francja<\/p>\n<p>****<br \/>\nPoliczki ciel\u0119ce podane na trufli z pur\u00e9e marchewkowo-lawendowym,<br \/>\nszalotkami confit i grillowanymi borowikami<br \/>\nWino: Valpolicella Cru Poiega 2008<br \/>\nDOC Valpolicella Classico, Mazzi, W\u0142ochy<\/p>\n<p>****<br \/>\nJogurtowe parfait z owocami le\u015bnymi i lodami z w\u0119dzonego mleka koziego<br \/>\nWino: Red Liquer Wine<br \/>\nSerra Gaucha, Casa Valduga, Brazylia<\/p>\n<p>Nie przera\u017cajcie si\u0119 ilo\u015bci\u0105 da\u0144. By\u0142y to bowiem dania degustacyjne czyli male\u0144kie porcje. Podobnie z winami. Dzi\u0119ki temu mog\u0119 spokojnie my\u015ble\u0107 o smaku fantastycznej zupy ze skorupiak\u00f3w i je\u017cowca albo o policzkach ciel\u0119cych, kt\u00f3re s\u0105 przebojem w wielu dobrych restauracjach.<br \/>\nTak jak dyktuje moda \u015bciana oddzielaj\u0105ca sal\u0119 restauracji od kuchni jest szklana. Mo\u017cna wi\u0119c podgl\u0105da\u0107 mistrz\u00f3w przyrz\u0105dzaj\u0105cych nasze dania. Szk\u0142o jest na tyle grube, \u017ce nie s\u0142ycha\u0107 co i jak tam do siebie pokrzykuj\u0105.<br \/>\nRestauracja dysponuje 300 tytu\u0142ami win z r\u00f3\u017cnych kraj\u00f3w\u00a0oraz serami, suszon\u0105 szynk\u0105 i niezwyk\u0142a wr\u0119cz oliw\u0105 a wszystko to produkty hiszpa\u0144skie. Co wa\u017cniejsze\u00a0&#8211; mo\u017cna je kupowa\u0107.<br \/>\nI na koniec informacja wa\u017cna dla portfeli. To nie jest restauracja tania ale te\u017c i nie przesadnie droga. Wi\u0119kszo\u015b\u0107 da\u0144 kosztuje oko\u0142o 40 z\u0142. I tylko ryby (stale \u015bwie\u017ce) s\u0105 dro\u017csze. Mo\u017cna tu przychodzi\u0107 bez podpierania si\u0119 zasobami dziadka czy bogatej narzeczonej. A gdy ju\u017c kto\u015b tu wpadnie raz, to b\u0119dzie my\u015bla\u0142 o kolejnych wizytach.<br \/>\nPami\u0119ta\u0107 te\u017c nale\u017cy, \u017ce Sowa odziedziczy\u0142 lokal z tradycjami. Tu bowiem by\u0142a s\u0142ynna na Czerniakowie &#8222;Sielanka&#8221;. W czasach PRL za\u015b nie mniej g\u0142o\u015bna &#8222;Karczma S\u0142upska&#8221;.<\/p>\n<p>Recenzj\u0119 z &#8222;Sowy&#8221; b\u0119d\u0119 m\u00f3g\u0142 napisa\u0107 po paru miesi\u0105cach funkcjonowania lokalu, gdy bedzie mia\u0142 ju\u017c swoj\u0105 publiczno\u015b\u0107 a za\u0142oga dojdzie do stanu normalno\u015bci po okresie \u015bwi\u0119towania otwarcia.<\/p>\n","protected":false},"excerpt":{"rendered":"<p>\u00a0Prawd\u0119 m\u00f3wi\u0105c dziupla nie jest ma\u0142a i nale\u017ca\u0142oby j\u0105 jako\u015b inaczej nazwa\u0107. Otwarta w\u0142a\u015bnie w Warszawie restauracja &#8222;Sowa&amp;Przyjaciele&#8221; jest lokalem zar\u00f3wno wytwornym jak i klimatycznym czy wr\u0119cz przytulnym (mimo sporych rozmiar\u00f3w). Ale klimat i przytulno\u015b\u0107 tworzy sam Robert Sowa i jego wspania\u0142a, m\u0142oda acz wielce ju\u017c utytu\u0142owana za\u0142oga.<\/p>\n","protected":false},"author":2,"featured_media":0,"comment_status":"open","ping_status":"open","sticky":false,"template":"","format":"standard","meta":{"footnotes":""},"categories":[1],"tags":[],"_links":{"self":[{"href":"https:\/\/blog.polityka.pl\/adamczewski\/wp-json\/wp\/v2\/posts\/5174"}],"collection":[{"href":"https:\/\/blog.polityka.pl\/adamczewski\/wp-json\/wp\/v2\/posts"}],"about":[{"href":"https:\/\/blog.polityka.pl\/adamczewski\/wp-json\/wp\/v2\/types\/post"}],"author":[{"embeddable":true,"href":"https:\/\/blog.polityka.pl\/adamczewski\/wp-json\/wp\/v2\/users\/2"}],"replies":[{"embeddable":true,"href":"https:\/\/blog.polityka.pl\/adamczewski\/wp-json\/wp\/v2\/comments?post=5174"}],"version-history":[{"count":7,"href":"https:\/\/blog.polityka.pl\/adamczewski\/wp-json\/wp\/v2\/posts\/5174\/revisions"}],"predecessor-version":[{"id":5183,"href":"https:\/\/blog.polityka.pl\/adamczewski\/wp-json\/wp\/v2\/posts\/5174\/revisions\/5183"}],"wp:attachment":[{"href":"https:\/\/blog.polityka.pl\/adamczewski\/wp-json\/wp\/v2\/media?parent=5174"}],"wp:term":[{"taxonomy":"category","embeddable":true,"href":"https:\/\/blog.polityka.pl\/adamczewski\/wp-json\/wp\/v2\/categories?post=5174"},{"taxonomy":"post_tag","embeddable":true,"href":"https:\/\/blog.polityka.pl\/adamczewski\/wp-json\/wp\/v2\/tags?post=5174"}],"curies":[{"name":"wp","href":"https:\/\/api.w.org\/{rel}","templated":true}]}}