
{"id":521,"date":"2008-06-25T08:00:43","date_gmt":"2008-06-25T06:00:43","guid":{"rendered":"http:\/\/adamczewski.blog.polityka.pl\/?p=521"},"modified":"2008-06-25T08:00:43","modified_gmt":"2008-06-25T06:00:43","slug":"zgadnij-co-gotujemy-96","status":"publish","type":"post","link":"https:\/\/blog.polityka.pl\/adamczewski\/2008\/06\/25\/zgadnij-co-gotujemy-96\/","title":{"rendered":"Zgadnij co gotujemy (96)"},"content":{"rendered":"<p>Do jubileuszowej zagadki coraz bli\u017cej. B\u0119dzie to ju\u017c za cztery tygodnie czyli w \u015brodku wakacji. Tymczasem quiz ca\u0142kiem nie \u015bwi\u0105teczny. A nagroda zaoszcz\u0119dzona przed dwoma tygodniami czyli &#8222;M\u0119skie gotowanie&#8221; z autografem i dedykacj\u0105 autora ukrywaj\u0105cego si\u0119 pod inicja\u0142ami P. Ad. Oto pytania:<\/p>\n<p>1. Gdzie w Polsce jest muzeum chleba?<br \/>\n2. Dlaczego fi\u0144ski chleb ma w samym \u015brodku dziurk\u0119?<br \/>\n3. Co si\u0119 kryje za s\u0142owem naan?<\/p>\n<p>Kto wie ten odpowie i wy\u015ble list na adres internet@polityka.com.pl\u00a0 Kto pierwszy ten lepszy. A listonosze zawiesili strajk to ksi\u0105\u017cka powinna jeszcze przed wakacjami nadej\u015b\u0107 do zwyci\u0119zcy.<\/p>\n","protected":false},"excerpt":{"rendered":"<p>Do jubileuszowej zagadki coraz bli\u017cej. B\u0119dzie to ju\u017c za cztery tygodnie czyli w \u015brodku wakacji. Tymczasem quiz ca\u0142kiem nie \u015bwi\u0105teczny. A nagroda zaoszcz\u0119dzona przed dwoma tygodniami czyli &#8222;M\u0119skie gotowanie&#8221; z autografem i dedykacj\u0105 autora ukrywaj\u0105cego si\u0119 pod inicja\u0142ami P. Ad. Oto pytania: 1. Gdzie w Polsce jest muzeum chleba? 2. Dlaczego fi\u0144ski chleb ma w [&hellip;]<\/p>\n","protected":false},"author":2,"featured_media":0,"comment_status":"open","ping_status":"open","sticky":false,"template":"","format":"standard","meta":{"footnotes":""},"categories":[1],"tags":[],"_links":{"self":[{"href":"https:\/\/blog.polityka.pl\/adamczewski\/wp-json\/wp\/v2\/posts\/521"}],"collection":[{"href":"https:\/\/blog.polityka.pl\/adamczewski\/wp-json\/wp\/v2\/posts"}],"about":[{"href":"https:\/\/blog.polityka.pl\/adamczewski\/wp-json\/wp\/v2\/types\/post"}],"author":[{"embeddable":true,"href":"https:\/\/blog.polityka.pl\/adamczewski\/wp-json\/wp\/v2\/users\/2"}],"replies":[{"embeddable":true,"href":"https:\/\/blog.polityka.pl\/adamczewski\/wp-json\/wp\/v2\/comments?post=521"}],"version-history":[{"count":0,"href":"https:\/\/blog.polityka.pl\/adamczewski\/wp-json\/wp\/v2\/posts\/521\/revisions"}],"wp:attachment":[{"href":"https:\/\/blog.polityka.pl\/adamczewski\/wp-json\/wp\/v2\/media?parent=521"}],"wp:term":[{"taxonomy":"category","embeddable":true,"href":"https:\/\/blog.polityka.pl\/adamczewski\/wp-json\/wp\/v2\/categories?post=521"},{"taxonomy":"post_tag","embeddable":true,"href":"https:\/\/blog.polityka.pl\/adamczewski\/wp-json\/wp\/v2\/tags?post=521"}],"curies":[{"name":"wp","href":"https:\/\/api.w.org\/{rel}","templated":true}]}}