
{"id":523,"date":"2008-06-24T08:00:06","date_gmt":"2008-06-24T06:00:06","guid":{"rendered":"http:\/\/adamczewski.blog.polityka.pl\/?p=523"},"modified":"2008-06-17T11:41:35","modified_gmt":"2008-06-17T09:41:35","slug":"dla-ochlody-nie-tylko-lody","status":"publish","type":"post","link":"https:\/\/blog.polityka.pl\/adamczewski\/2008\/06\/24\/dla-ochlody-nie-tylko-lody\/","title":{"rendered":"Dla och\u0142ody nie tylko lody"},"content":{"rendered":"<p><img loading=\"lazy\" decoding=\"async\" src=\"http:\/\/adamczewski.blog.polityka.pl\/wp-content\/uploads\/2008\/koktajl1.jpg\" alt=\"koktajl1.jpg\" title=\"koktajl1.jpg\" border=\"0\" height=\"564\" hspace=\"5\" vspace=\"5\" width=\"450\" \/><\/p>\n<p>Wprawdzie jeszcze upa\u0142y nie zd\u0105\u017cy\u0142y da\u0107 si\u0119 mieszka\u0144com Polski we znaki ale z zapowiedzi  wynika, \u017ce lato mo\u017ce by\u0107 gor\u0105ce. Na wysok\u0105 temperatur\u0119 cz\u0119sto narzekaj\u0105 cz\u0142onkowie naszej rodziny smakoszy mieszkaj\u0105cy na innych kontynentach.<\/p>\n<p>S\u0142owem &#8211; warto pomy\u015ble\u0107 o sposobach na wywo\u0142anie uczucia ch\u0142odu. Mam na my\u015bli sposoby kulinarne.<\/p>\n<p>Tym razem nie b\u0119d\u0119 nawet wspomina\u0142 o piwie z lod\u00f3wki czy bia\u0142ym lub r\u00f3\u017cowym winie z grzechocz\u0105cymi kostkami lodu w kieliszku. Dzi\u015b stawiam na drinki bezalkoholowe. Jest ich bowiem takie mn\u00f3stwo i s\u0105 tak smaczne, \u017ce warto przynajmniej niekt\u00f3re przypomnie\u0107. I mam nadziej\u0119, \u017ce dorzucicie swoje przepisy &#8211; oryginalne i nieznane.<\/p>\n<p>No to zapraszam do barku!<\/p>\n<p><strong>\u017burawinowy<\/strong><\/p>\n<p><em>3 l soku z \u017curawin, sok z tuzina cytryn, 1 l esencji herbacianej z hibiskusa, 2 l piwa imbirowego, l\u00f3d<\/em><\/p>\n<p>Soki owocowe wymiesza\u0107 z esencj\u0105 herbacian\u0105 i mocno ozi\u0119bi\u0107. Do kieliszk\u00f3w lub szklanek koktajlowych wsypa\u0107 kostki lodu, wla\u0107 koktajl i dola\u0107 piwa imbirowego.<\/p>\n<p><img loading=\"lazy\" decoding=\"async\" src=\"http:\/\/adamczewski.blog.polityka.pl\/wp-content\/uploads\/2008\/koktajl2.jpg\" alt=\"koktajl2.jpg\" title=\"koktajl2.jpg\" border=\"0\" height=\"585\" hspace=\"5\" vspace=\"5\" width=\"450\" \/><\/p>\n<p><strong>Jab\u0142kowy<\/strong><\/p>\n<p><em>3 l soku z jab\u0142ek, sok z tuzina cytryn, 1 l soku ananasowego, 1 l wody, l\u00f3d<\/em><\/p>\n<p>Soki wymiesza\u0107 i ozi\u0119bi\u0107. Do szklanek koktajlowych wsypa\u0107 kilka kostek lodu. Dola\u0107 soki i uzupe\u0142ni\u0107 wod\u0105 sodow\u0105.<\/p>\n<p><strong>Malinowy<\/strong><\/p>\n<p><em>10 dag \u015bwie\u017cych, malin lub innych mi\u0119kkich owoc\u00f3w, 10 dag lod\u00f3w waniliowych, 0,25 l mleka, 2 \u0142y\u017cki s\u0142odkiej \u015bmietany, zapach waniliowy, mi\u00f3d<br \/>\n<\/em><\/p>\n<p>Drobno pokrojone maliny lub wybrane inne owoce zmiesza\u0107 z lodami waniliowymi, mlekiem i \u015bmietan\u0105. Doda\u0107 mi\u00f3d i zapach waniliowy. Dobrze zmiksowa\u0107. Wla\u0107 do szklanki i ozdobi\u0107 zielonym listkiem.<\/p>\n<p><strong>Kawowy<\/strong><\/p>\n<p><em>0,25 l kawy, 0,25 l mleka, zapach waniliowy, 3 \u0142y\u017cki miodu, 2 \u017c\u00f3\u0142tka, 1 pojemnik bitej \u015bmietany<\/em><\/p>\n<p>Zagotowa\u0107 kaw\u0119 z mlekiem i doda\u0107 odrobin\u0119 zapachu waniliowego oraz mi\u00f3d. \u017b\u00f3\u0142tko po\u0142\u0105czy\u0107 z bit\u0105 \u015bmietan\u0105. Mocno mieszaj\u0105c kaw\u0119 z mlekiem doda\u0107 \u015bmietan\u0119 wymieszan\u0105 z \u017c\u00f3\u0142tkiem. Wla\u0107 do szklanek, kt\u00f3re ozdobi\u0107 listkiem bazylii.<\/p>\n<p><strong>Marcepanowy<\/strong><\/p>\n<p><em>5 dag masy marcepanowej, 2 banany, sok z jednej cytryny, 4 \u0142y\u017cki p\u0142atk\u00f3w owsianych, 2 \u0142y\u017cki s\u0142odkiej \u015bmietany, zapach waniliowy, mi\u00f3d,  0,3 l mleka<\/em><\/p>\n<p>Zagotowa\u0107 mleko ze \u015bmietan\u0105 i p\u0142atkami owsianymi.  Obra\u0107 banany i grubo je pokroi\u0107. Skropi\u0107 sokiem z cytryny by nie poczernia\u0142y. Zmiksowa\u0107 banany z p\u0142atkami owsianymi w mleku i mas\u0105 marcepanow\u0105. Doda\u0107 mi\u00f3d i zapach waniliowy.<\/p>\n<p><strong>Truskawkowy<\/strong><\/p>\n<p><em>45 dag truskawek (mog\u0105 by\u0107 mro\u017cone),5 \u0142y\u017cek miodu, 1\/4 szklanki p\u0142atk\u00f3w owsianych, 0,25 szklanki pokruszonych orzech\u00f3w w\u0142oskich, 1 pojemnik jogurtu naturalnego<br \/>\n<\/em><\/p>\n<p>Truskawki zmiksowa\u0107 z miodem, p\u0142atkami owsianymi i orzechami. Dola\u0107 jogurt. Zmiksowa\u0107 ponownie. Sch\u0142odzi\u0107 i podawa\u0107.<\/p>\n<p><strong>Jogurtowy<\/strong><\/p>\n<p><em>15 dag truskawek, 1 banan, 1 mango, \u0107wier\u0107 szklanki cukru, p\u00f3\u0142 szklanki jogurtu, 1 \u0142y\u017ceczka zapachu waniliowego, l\u00f3d<br \/>\n<\/em><\/p>\n<p>Umyte truskawki pokroi\u0107 na p\u00f3\u0142, wymiesza\u0107 z cukrem i odstawi\u0107, by pu\u015bci\u0142y sok. Obranego banana pokroi\u0107 w plastry, mango te\u017c obra\u0107 i pokroi\u0107 w kostk\u0119. Owoce wymiesza\u0107 i wstawi\u0107 do lod\u00f3wki. Po trzech kwadransach zmiksowa\u0107 z jogurtem, zapachem waniliowym i pokruszonym lodem. Wlewa\u0107 do ozi\u0119bionych szklanek. Ozdobi\u0107 truskawk\u0105.<\/p>\n<p><strong>Miodowy<\/strong><\/p>\n<p><em>1,5 szklanki mleka, 5 \u0142y\u017cek miodu, 2 jaja, cynamon, 2 plasterki pomara\u0144czy<\/em><\/p>\n<p>Zmiesza\u0107 mleko, mi\u00f3d i jaja. Po kilkusekundowym energicznym mieszaniu wla\u0107 do szklanek, ozdobi\u0107 plasterkiem pomara\u0144czy i posypa\u0107 cynamonem.<\/p>\n<p><strong>Tymiankowy<\/strong><\/p>\n<p><em>P\u0119czek \u015bwie\u017cego tymianku, ? l soku z zielonych winogron, 2 cytryny, 0,25 l wody sodowej<\/em><\/p>\n<p>Tymianek umy\u0107 i os\u0105czy\u0107 dok\u0142adnie. W\u0142o\u017cy\u0107 do  dzbana i zala\u0107 sokiem z winogron. Wstawi\u0107 do lod\u00f3wki na trzy kwadranse. Zmiesza\u0107 z wod\u0105 sodow\u0105 i sokiem z cytryn. Pi\u0107 sch\u0142odzony.<\/p>\n<p><strong>Orze\u017awiaj\u0105cy<\/strong><\/p>\n<p><em>20 ml soku z cytryny, 10 ml syropu mi\u0119towego, woda mineralna bez gazu, l\u00f3d, listki mi\u0119ty<\/em><\/p>\n<p>Zmiesza\u0107 w szklance koktajlowej sok cytrynowy i syrop mi\u0119towy. Doda\u0107 pokruszony l\u00f3d i uzupe\u0142ni\u0107 wod\u0105. Na koniec kilka listk\u00f3w \u015bwie\u017cej mi\u0119ty.<\/p>\n","protected":false},"excerpt":{"rendered":"<p>Wprawdzie jeszcze upa\u0142y nie zd\u0105\u017cy\u0142y da\u0107 si\u0119 mieszka\u0144com Polski we znaki ale z zapowiedzi wynika, \u017ce lato mo\u017ce by\u0107 gor\u0105ce. Na wysok\u0105 temperatur\u0119 cz\u0119sto narzekaj\u0105 cz\u0142onkowie naszej rodziny smakoszy mieszkaj\u0105cy na innych kontynentach. S\u0142owem &#8211; warto pomy\u015ble\u0107 o sposobach na wywo\u0142anie uczucia ch\u0142odu. Mam na my\u015bli sposoby kulinarne. Tym razem nie b\u0119d\u0119 nawet wspomina\u0142 o [&hellip;]<\/p>\n","protected":false},"author":2,"featured_media":0,"comment_status":"open","ping_status":"open","sticky":false,"template":"","format":"standard","meta":{"footnotes":""},"categories":[1],"tags":[],"_links":{"self":[{"href":"https:\/\/blog.polityka.pl\/adamczewski\/wp-json\/wp\/v2\/posts\/523"}],"collection":[{"href":"https:\/\/blog.polityka.pl\/adamczewski\/wp-json\/wp\/v2\/posts"}],"about":[{"href":"https:\/\/blog.polityka.pl\/adamczewski\/wp-json\/wp\/v2\/types\/post"}],"author":[{"embeddable":true,"href":"https:\/\/blog.polityka.pl\/adamczewski\/wp-json\/wp\/v2\/users\/2"}],"replies":[{"embeddable":true,"href":"https:\/\/blog.polityka.pl\/adamczewski\/wp-json\/wp\/v2\/comments?post=523"}],"version-history":[{"count":0,"href":"https:\/\/blog.polityka.pl\/adamczewski\/wp-json\/wp\/v2\/posts\/523\/revisions"}],"wp:attachment":[{"href":"https:\/\/blog.polityka.pl\/adamczewski\/wp-json\/wp\/v2\/media?parent=523"}],"wp:term":[{"taxonomy":"category","embeddable":true,"href":"https:\/\/blog.polityka.pl\/adamczewski\/wp-json\/wp\/v2\/categories?post=523"},{"taxonomy":"post_tag","embeddable":true,"href":"https:\/\/blog.polityka.pl\/adamczewski\/wp-json\/wp\/v2\/tags?post=523"}],"curies":[{"name":"wp","href":"https:\/\/api.w.org\/{rel}","templated":true}]}}