
{"id":5241,"date":"2012-09-21T08:00:55","date_gmt":"2012-09-21T06:00:55","guid":{"rendered":"http:\/\/adamczewski.blog.polityka.pl\/?p=5241"},"modified":"2012-09-23T17:41:22","modified_gmt":"2012-09-23T15:41:22","slug":"kto-kwasil-ten-slodzi","status":"publish","type":"post","link":"https:\/\/blog.polityka.pl\/adamczewski\/2012\/09\/21\/kto-kwasil-ten-slodzi\/","title":{"rendered":"Kto kwasi\u0142 ten s\u0142odzi"},"content":{"rendered":"<p>S\u0142odko mi do dzi\u015b. I to tak bardzo, \u017ce musia\u0142em zje\u015b\u0107 ma\u0142osolnego og\u00f3rka \u015bwie\u017co kwaszonego. A to wszystko z \u0142akomstwa. Nie umia\u0142em si\u0119 pohamowa\u0107 na widok tort\u00f3w i r\u00f3\u017cnych innych s\u0142odyczy podanych przez Bo\u017cen\u0119 Siko\u0144 podczas otwarcia tortowni.pl\u00a0<\/p>\n<p><!--more--><a href=\"\/wp-content\/uploads\/2012\/09\/Bo\u017cena-Siko\u0144-i-lukrowy-kwiat.jpg\"><img loading=\"lazy\" decoding=\"async\" class=\"aligncenter size-medium wp-image-5244\" title=\"OLYMPUS DIGITAL CAMERA\" src=\"\/wp-content\/uploads\/2012\/09\/Bo\u017cena-Siko\u0144-i-lukrowy-kwiat-300x225.jpg\" alt=\"\" width=\"300\" height=\"225\" srcset=\"\/adamczewski\/wp-content\/uploads\/2012\/09\/Bo\u017cena-Siko\u0144-i-lukrowy-kwiat-300x225.jpg 300w, \/adamczewski\/wp-content\/uploads\/2012\/09\/Bo\u017cena-Siko\u0144-i-lukrowy-kwiat.jpg 640w\" sizes=\"(max-width: 300px) 100vw, 300px\" \/><\/a><br \/>\n<em>Bo\u017cena Siko\u0144 i lukrowy kwiat<\/em><\/p>\n<p>Ka\u017cdy kto chce zobaczy\u0107 c\u00f3\u017c to takiego ta tortownia mo\u017ce do niej zajrze\u0107 w Internecie. A mie\u015bci owo cudo na Targ\u00f3wku przy ul. Radzymi\u0144skiej 211. Bo\u017cena Siko\u0144 jest za\u015b szefow\u0105 produkcji tego s\u0142odkiego zak\u0142adu. Towarzyszy jej w pracy spora grupa wyj\u0105tkowo utalentowanych cukiernik\u00f3w z Tadeuszem Braneckim na czele. A Pan Tadeusz jest artyst\u0105 grafikiem, filmowym animatorem i niebywale zr\u0119cznym cukiernikiem specjalizuj\u0105cym si\u0119 w robieniu cudownych ozd\u00f3b z lukru.<br \/>\nW tortowni nie tylko mo\u017cna kupi\u0107 czy zam\u00f3wi\u0107 wszelkie s\u0142odko\u015bci ale tak\u017ce przej\u015b\u0107 kurs cukierniczy nauczywszy si\u0119 np. kszta\u0142towania lukrowych r\u00f3\u017c czy innych pi\u0119knych kwiat\u00f3w. Albo czekoladowych rze\u017ab. Kursy s\u0105 organizowane zar\u00f3wno dla profesjonalist\u00f3w jak i dla amator\u00f3w.<br \/>\nW sklepie przy tortowni mo\u017cna kupi\u0107 najwymy\u015blniejsze nawet foremki do ciast i ciasteczek, plastyczny kolorowy lukier i wszelkie inne niezb\u0119dne w tym s\u0142odkim fachu produkty oraz narz\u0119dzia.<\/p>\n<p><a href=\"\/wp-content\/uploads\/2012\/09\/Czekoladowa-wie\u017ca.jpg\"><img loading=\"lazy\" decoding=\"async\" class=\"aligncenter size-medium wp-image-5246\" title=\"OLYMPUS DIGITAL CAMERA\" src=\"\/wp-content\/uploads\/2012\/09\/Czekoladowa-wie\u017ca-300x225.jpg\" alt=\"\" width=\"300\" height=\"225\" srcset=\"\/adamczewski\/wp-content\/uploads\/2012\/09\/Czekoladowa-wie\u017ca-300x225.jpg 300w, \/adamczewski\/wp-content\/uploads\/2012\/09\/Czekoladowa-wie\u017ca.jpg 640w\" sizes=\"(max-width: 300px) 100vw, 300px\" \/><\/a><\/p>\n<p><em>Czekoladowa wie\u017ca zosta\u0142a po ostatnim kursie<\/em><\/p>\n<p>Amatorzy s\u0142odyczy mog\u0105 tu tak\u017ce wpa\u015b\u0107 by usi\u0105\u015b\u0107 i uraczy\u0107 si\u0119 s\u0142odyczami, kt\u00f3re mog\u0105 si\u0119 tylko przy\u015bni\u0107 w najrozkoszniejszych snach.<br \/>\nBo\u017cena Siko\u0144\u00a0&#8211; jedna z najlepszych polskich cukierniczek, ma za sob\u0105 prac\u0119 w renomowanych restauracjach (Bristol, Sobieski) polskich ale i zagranicznych. Nie tylko umie zrobi\u0107 wszystko co chcieliby\u015bmy je\u015b\u0107 na deser ale tak\u017ce wymy\u015bla nowe przepisy i je natychmiast realizuje. Do tortowni i wsp\u00f3\u0142pracy zaprosi\u0142a j\u0105 Agnieszka Klimczak\u00a0&#8211; w\u0142a\u015bcicielka i tak\u017ce mi\u0142o\u015bniczka s\u0142odkiego \u017cycia.<br \/>\nNajwa\u017cniejsze, gdy ju\u017c si\u0119 tu przyjedzie, wykaza\u0107 si\u0142\u0119 charakteru i nie pr\u00f3bowa\u0107 wszystkiego. \u0141akomstwo to wielka wada!<\/p>\n","protected":false},"excerpt":{"rendered":"<p>S\u0142odko mi do dzi\u015b. I to tak bardzo, \u017ce musia\u0142em zje\u015b\u0107 ma\u0142osolnego og\u00f3rka \u015bwie\u017co kwaszonego. A to wszystko z \u0142akomstwa. Nie umia\u0142em si\u0119 pohamowa\u0107 na widok tort\u00f3w i r\u00f3\u017cnych innych s\u0142odyczy podanych przez Bo\u017cen\u0119 Siko\u0144 podczas otwarcia tortowni.pl\u00a0<\/p>\n","protected":false},"author":2,"featured_media":0,"comment_status":"open","ping_status":"open","sticky":false,"template":"","format":"standard","meta":{"footnotes":""},"categories":[1],"tags":[],"_links":{"self":[{"href":"https:\/\/blog.polityka.pl\/adamczewski\/wp-json\/wp\/v2\/posts\/5241"}],"collection":[{"href":"https:\/\/blog.polityka.pl\/adamczewski\/wp-json\/wp\/v2\/posts"}],"about":[{"href":"https:\/\/blog.polityka.pl\/adamczewski\/wp-json\/wp\/v2\/types\/post"}],"author":[{"embeddable":true,"href":"https:\/\/blog.polityka.pl\/adamczewski\/wp-json\/wp\/v2\/users\/2"}],"replies":[{"embeddable":true,"href":"https:\/\/blog.polityka.pl\/adamczewski\/wp-json\/wp\/v2\/comments?post=5241"}],"version-history":[{"count":6,"href":"https:\/\/blog.polityka.pl\/adamczewski\/wp-json\/wp\/v2\/posts\/5241\/revisions"}],"predecessor-version":[{"id":5245,"href":"https:\/\/blog.polityka.pl\/adamczewski\/wp-json\/wp\/v2\/posts\/5241\/revisions\/5245"}],"wp:attachment":[{"href":"https:\/\/blog.polityka.pl\/adamczewski\/wp-json\/wp\/v2\/media?parent=5241"}],"wp:term":[{"taxonomy":"category","embeddable":true,"href":"https:\/\/blog.polityka.pl\/adamczewski\/wp-json\/wp\/v2\/categories?post=5241"},{"taxonomy":"post_tag","embeddable":true,"href":"https:\/\/blog.polityka.pl\/adamczewski\/wp-json\/wp\/v2\/tags?post=5241"}],"curies":[{"name":"wp","href":"https:\/\/api.w.org\/{rel}","templated":true}]}}