
{"id":527,"date":"2008-07-02T07:00:34","date_gmt":"2008-07-02T05:00:34","guid":{"rendered":"http:\/\/adamczewski.blog.polityka.pl\/?p=527"},"modified":"2008-07-02T07:44:34","modified_gmt":"2008-07-02T05:44:34","slug":"zgadnij-co-gotujemy-97","status":"publish","type":"post","link":"https:\/\/blog.polityka.pl\/adamczewski\/2008\/07\/02\/zgadnij-co-gotujemy-97\/","title":{"rendered":"Zgadnij co gotujemy (97)"},"content":{"rendered":"<p>Do jubileuszowej zagadki coraz bli\u017cej. B\u0119dzie to ju\u017c za trzy tygodnie czyli w \u015brodku wakacji. B\u0119dziemy te tygodnie odliczali jak rekrut dni do upragnionego cywila.  I tym razem quiz ca\u0142kiem nie \u015bwi\u0105teczny. A nagroda nietypowa, bo trzy ksi\u0105\u017cki wakacyjno-kryminalne wydane przez polsk\u0105 fili\u0119 Readers Digest. Ale wzbogacone o dedykacj\u0119 znanego Wam autora ukrywaj\u0105cego si\u0119 pod inicja\u0142ami P. Ad. Oto pytania:<\/p>\n<p>1. Co to jest tazbir (i nie o wybitnego historyka mi chodzi) ?<br \/>\n2. Czy roztruchan to potrawa grzyb\u00f3w ?<br \/>\n3. Co to za przyrz\u0105d &#8211; grajcarek?<\/p>\n<p>Kto wie ten odpowie i pierwszy wy\u015ble list na adres internet@polityka.com.pl   ten otrzyma szybko nagrod\u0119, by jeszcze w wakacje poczyta\u0107.<\/p>\n","protected":false},"excerpt":{"rendered":"<p>Do jubileuszowej zagadki coraz bli\u017cej. B\u0119dzie to ju\u017c za trzy tygodnie czyli w \u015brodku wakacji. B\u0119dziemy te tygodnie odliczali jak rekrut dni do upragnionego cywila. I tym razem quiz ca\u0142kiem nie \u015bwi\u0105teczny. A nagroda nietypowa, bo trzy ksi\u0105\u017cki wakacyjno-kryminalne wydane przez polsk\u0105 fili\u0119 Readers Digest. Ale wzbogacone o dedykacj\u0119 znanego Wam autora ukrywaj\u0105cego si\u0119 pod [&hellip;]<\/p>\n","protected":false},"author":2,"featured_media":0,"comment_status":"open","ping_status":"open","sticky":false,"template":"","format":"standard","meta":{"footnotes":""},"categories":[1],"tags":[],"_links":{"self":[{"href":"https:\/\/blog.polityka.pl\/adamczewski\/wp-json\/wp\/v2\/posts\/527"}],"collection":[{"href":"https:\/\/blog.polityka.pl\/adamczewski\/wp-json\/wp\/v2\/posts"}],"about":[{"href":"https:\/\/blog.polityka.pl\/adamczewski\/wp-json\/wp\/v2\/types\/post"}],"author":[{"embeddable":true,"href":"https:\/\/blog.polityka.pl\/adamczewski\/wp-json\/wp\/v2\/users\/2"}],"replies":[{"embeddable":true,"href":"https:\/\/blog.polityka.pl\/adamczewski\/wp-json\/wp\/v2\/comments?post=527"}],"version-history":[{"count":0,"href":"https:\/\/blog.polityka.pl\/adamczewski\/wp-json\/wp\/v2\/posts\/527\/revisions"}],"wp:attachment":[{"href":"https:\/\/blog.polityka.pl\/adamczewski\/wp-json\/wp\/v2\/media?parent=527"}],"wp:term":[{"taxonomy":"category","embeddable":true,"href":"https:\/\/blog.polityka.pl\/adamczewski\/wp-json\/wp\/v2\/categories?post=527"},{"taxonomy":"post_tag","embeddable":true,"href":"https:\/\/blog.polityka.pl\/adamczewski\/wp-json\/wp\/v2\/tags?post=527"}],"curies":[{"name":"wp","href":"https:\/\/api.w.org\/{rel}","templated":true}]}}