
{"id":5295,"date":"2012-10-03T08:00:50","date_gmt":"2012-10-03T06:00:50","guid":{"rendered":"http:\/\/adamczewski.blog.polityka.pl\/?p=5295"},"modified":"2012-10-01T09:20:45","modified_gmt":"2012-10-01T07:20:45","slug":"serce-zostalo-we-wloszech%e2%80%a6","status":"publish","type":"post","link":"https:\/\/blog.polityka.pl\/adamczewski\/2012\/10\/03\/serce-zostalo-we-wloszech%e2%80%a6\/","title":{"rendered":"Serce zosta\u0142o we W\u0142oszech&#8230;"},"content":{"rendered":"<p>&#8230; i co roku toczy si\u0119 w inne miejsce. Gdy tylko pokocha Castrocucco i Marate\u0119 w wulkanicznej Basilicacie, to ju\u017c ci\u0105gni\u0119te jest i zn\u00f3w si\u0119 pogr\u0105\u017ca w nowej mi\u0142o\u015bci do Abruzzo. Kolejno p\u0119dzi na Sycyli\u0119 i potem \u0142ka z t\u0119sknoty do Giardini Naxos, by w np. w\u00a0ubieg\u0142ym roku zakocha\u0107 si\u0119 w Barbaresco &#8211; miejscowo\u015bci i jednym z najs\u0142ynniejszych win Piemontu.<\/p>\n<p><a href=\"\/wp-content\/uploads\/2012\/10\/Winnica-w-Barbaresco.jpg\"><img loading=\"lazy\" decoding=\"async\" class=\"aligncenter size-medium wp-image-5315\" title=\"OLYMPUS DIGITAL CAMERA\" src=\"\/wp-content\/uploads\/2012\/10\/Winnica-w-Barbaresco-300x225.jpg\" alt=\"\" width=\"300\" height=\"225\" srcset=\"\/adamczewski\/wp-content\/uploads\/2012\/10\/Winnica-w-Barbaresco-300x225.jpg 300w, \/adamczewski\/wp-content\/uploads\/2012\/10\/Winnica-w-Barbaresco.jpg 640w\" sizes=\"(max-width: 300px) 100vw, 300px\" \/><\/a><\/p>\n<p><em>Winnica Olka Bondonio w Barbaresco\u00a0 Fot. P. Adamczewski<\/em><\/p>\n<p><!--more--><\/p>\n<p>Nasze serca, bo zawsze je\u017adzimy we dwoje, musz\u0105 mie\u0107 siln\u0105 kondycj\u0119 poniewa\u017c maj\u0105 za zadanie znoszenie wielkich nami\u0119tno\u015bci, kt\u00f3re wywo\u0142uje ci\u0105g\u0142a w\u0142\u00f3cz\u0119ga po p\u00f3\u0142wyspie w poszukiwaniu nowych smak\u00f3w. Ka\u017cdy pobyt i odkrycie nowego pi\u0119knego zak\u0105tka Italii, to tak\u017ce odkrycie nowego i nieznanego dot\u0105d wina a tak\u017ce potrawy. W Abruzzo by\u0142o to np. brodetto di Pescara przyrz\u0105dzane z czterech r\u00f3\u017cnych gatunk\u00f3w ryb i bia\u0142e przepyszne wino o &#8222;serowej&#8221; nazwie&#8230; pecorino. W Basilicacie oczywi\u015bcie lucanica\u00a0&#8211; kie\u0142baska, kt\u00f3r\u0105 zachwyca\u0142 w\u00f3dz rzymskich legion\u00f3w Warrus i czerwone wino aglianico przywiezione przez osiedlaj\u0105cych si\u0119 przed paroma tysi\u0105cami lat na czarnym od wulkanicznych piask\u00f3w wybrze\u017cu wsz\u0119dobylskich Grek\u00f3w. Nie tylko poszukiwania kulinarne nas pasjonuj\u0105. Ka\u017cd\u0105 podr\u00f3\u017c poprzedza d\u0142ugie poszukiwanie w ksi\u0105\u017ckach i przewodnikach opis\u00f3w miejsc, w kt\u00f3rych staniemy oko w oko z ol\u015bniewaj\u0105cymi obrazami, freskami, budowlami. Czasem zdarza si\u0119, \u017ce nadk\u0142adamy drogi, by np. obejrze\u0107 portrety pary ksi\u0105\u017c\u0119cej w Urbino p\u0119dzla Pierre della Francesca lub\u00a0&#8211; jak w tym roku\u00a0&#8211; wst\u0105pi\u0107 i zapali\u0107 \u015bwieczk\u0119 w Duomo w Modenie. Niezapomniany dzie\u0144 mia\u0142 miejsce w Paestum le\u017c\u0105cym ok. 100 km na po\u0142udnie od Neapolu. Sp\u0119dzili\u015bmy tam z nasz\u0105 14-letni\u0105 wnuczk\u0105 ca\u0142y dzie\u0144 na wykopaliskach dor\u00f3wnuj\u0105cych\u00a0&#8211; naszym zdaniem\u00a0&#8211; Pompejom. Liczne wille z ocala\u0142ymi mozaikami zach\u0119caj\u0105 go\u015bci do zasiadania na kamieniach, kt\u00f3re by\u0142y niew\u0105tpliwie miejscem wypoczynku mieszka\u0144c\u00f3w miasta przed paroma tysi\u0105cami lat. Cztery za\u015b gigantyczne \u015bwi\u0105tynie wzbudzaj\u0105 podziw i szacunek zar\u00f3wno do ich architekt\u00f3w jak i prostych budowniczych. Spoceni, bo temperatura znacznie przekracza\u0142a 30 stopni, zmachani lecz szcz\u0119\u015bliwi zajechali\u015bmy do pobliskiego gospodarstwa agroturystycznego s\u0142ynnego z produkcji mozzarelli. Najpierw podgl\u0105dali\u015bmy bawo\u0142y uruchamiaj\u0105ce pyskiem prysznice, by woda och\u0142odzi\u0142a ich rozgrzane cielska a potem odby\u0142a si\u0119 serowa orgia, bo nie tylko \u015bwie\u017ca mozzarella warta by\u0142a grzechu.<\/p>\n<p><a href=\"\/wp-content\/uploads\/2012\/10\/Carrara-marmurP7160035.jpg\"><img loading=\"lazy\" decoding=\"async\" class=\"alignleft size-medium wp-image-5323\" title=\"OLYMPUS DIGITAL CAMERA\" src=\"\/wp-content\/uploads\/2012\/10\/Carrara-marmurP7160035-300x225.jpg\" alt=\"\" width=\"300\" height=\"225\" srcset=\"\/adamczewski\/wp-content\/uploads\/2012\/10\/Carrara-marmurP7160035-300x225.jpg 300w, \/adamczewski\/wp-content\/uploads\/2012\/10\/Carrara-marmurP7160035.jpg 640w\" sizes=\"(max-width: 300px) 100vw, 300px\" \/><\/a><\/p>\n<p>Najlepsze wakacje s\u0105 jeszcze przed nami. Oczywi\u015bcie we W\u0142oszech. By\u0107 mo\u017ce w przysz\u0142ym roku, gdy pojedziemy w najdziksze zakamarki Kalabrii ale by\u0107 mo\u017ce, \u017ce za dwa lata podczas zwiedzania Wysp Liparyjskich.<em> (Obok na zdj\u0119ciu marmurowe g\u00f3ry pod Carrar\u0105\u00a0 Fot. P. Ad.)<\/em><\/p>\n<p>Podr\u00f3\u017cujemy zawsze z aparatem fotograficznym, kt\u00f3ry uwiecznia to, co jemy i z notesem, bo nat\u0142ok wra\u017ce\u0144 jest taki, \u017ce pami\u0119\u0107 nie jest w stanie wszystkiego zarejestrowa\u0107. A przecie\u017c z tych podr\u00f3\u017cy powstaj\u0105 nasze ksi\u0105\u017cki kulinarne, w kt\u00f3rych staramy si\u0119 odda\u0107 smak i zapach odwiedzanych miejsc.<\/p>\n<p>Niebo w g\u0119bie poczuli\u015bmy i dali\u015bmy temu wyraz jednomy\u015blnie i jednocze\u015bnie gdy w Giardini Naxos podano nam na przek\u0105sk\u0119 surowe je\u017cowce. Prawd\u0119 m\u00f3wi\u0105c nasze uczucie rado\u015bci nad talerzem by\u0142o do\u015b\u0107 perfidne. Opr\u00f3cz cudownego smaku mi\u0119czaka poczuli\u015bmy te\u017c smak zemsty (co na Sycylii jest uprawnione), bo par\u0119 godzin wcze\u015bniej jedno z nas podczas k\u0105pieli nadepn\u0119\u0142o na je\u017cowca. Wyjmowanie kolca z pi\u0119ty nie jest ani \u0142atwe, ani przyjemne. A ranka, cho\u0107 ma\u0142a, jest dolegliwa i nie chce si\u0119 goi\u0107 przez wiele dni.<\/p>\n<p><a href=\"\/wp-content\/uploads\/2012\/10\/S\u0142o\u0144-trabalskiP8110386.jpg\"><img loading=\"lazy\" decoding=\"async\" class=\"alignleft size-medium wp-image-5316\" title=\"S\u0142o\u0144 trabalskiP8110386\" src=\"\/wp-content\/uploads\/2012\/10\/S\u0142o\u0144-trabalskiP8110386-300x225.jpg\" alt=\"\" width=\"300\" height=\"225\" srcset=\"\/adamczewski\/wp-content\/uploads\/2012\/10\/S\u0142o\u0144-trabalskiP8110386-300x225.jpg 300w, \/adamczewski\/wp-content\/uploads\/2012\/10\/S\u0142o\u0144-trabalskiP8110386.jpg 640w\" sizes=\"(max-width: 300px) 100vw, 300px\" \/><\/a><\/p>\n<p>Nie ma miejsc, do kt\u00f3rych nie chcieliby\u015bmy wr\u00f3ci\u0107. Marzymy o ponownej podr\u00f3\u017cy na plantacje herbaty na Sri Lance, na bezkrwawe safari w Kenii (to marzenie Basi) czy nad lodowate fiordy Norwegii za ko\u0142em polarnym. Czasem nawet robimy plany tych podr\u00f3\u017cy lecz w jaki\u015b niezrozumia\u0142y spos\u00f3b zawsze wszystko ko\u0144czy si\u0119 we W\u0142oszech. Ten nostalgiczny kawa\u0142ek \u015bwiadczy oczywi\u015bcie o ko\u0144cu wakacji.<\/p>\n<p><a href=\"\/wp-content\/uploads\/2012\/10\/Preikestolen.jpg\"><img loading=\"lazy\" decoding=\"async\" class=\"aligncenter size-medium wp-image-5317\" title=\"OLYMPUS DIGITAL CAMERA\" src=\"\/wp-content\/uploads\/2012\/10\/Preikestolen-300x225.jpg\" alt=\"\" width=\"300\" height=\"225\" srcset=\"\/adamczewski\/wp-content\/uploads\/2012\/10\/Preikestolen-300x225.jpg 300w, \/adamczewski\/wp-content\/uploads\/2012\/10\/Preikestolen.jpg 640w\" sizes=\"(max-width: 300px) 100vw, 300px\" \/><\/a><\/p>\n<p><em>Najs\u0142ynniejsza ska\u0142a w Norwegii &#8211; Preikestolen<\/em><\/p>\n","protected":false},"excerpt":{"rendered":"<p>&#8230; i co roku toczy si\u0119 w inne miejsce. Gdy tylko pokocha Castrocucco i Marate\u0119 w wulkanicznej Basilicacie, to ju\u017c ci\u0105gni\u0119te jest i zn\u00f3w si\u0119 pogr\u0105\u017ca w nowej mi\u0142o\u015bci do Abruzzo. Kolejno p\u0119dzi na Sycyli\u0119 i potem \u0142ka z t\u0119sknoty do Giardini Naxos, by w np. w\u00a0ubieg\u0142ym roku zakocha\u0107 si\u0119 w Barbaresco &#8211; miejscowo\u015bci i [&hellip;]<\/p>\n","protected":false},"author":2,"featured_media":0,"comment_status":"open","ping_status":"open","sticky":false,"template":"","format":"standard","meta":{"footnotes":""},"categories":[1],"tags":[],"_links":{"self":[{"href":"https:\/\/blog.polityka.pl\/adamczewski\/wp-json\/wp\/v2\/posts\/5295"}],"collection":[{"href":"https:\/\/blog.polityka.pl\/adamczewski\/wp-json\/wp\/v2\/posts"}],"about":[{"href":"https:\/\/blog.polityka.pl\/adamczewski\/wp-json\/wp\/v2\/types\/post"}],"author":[{"embeddable":true,"href":"https:\/\/blog.polityka.pl\/adamczewski\/wp-json\/wp\/v2\/users\/2"}],"replies":[{"embeddable":true,"href":"https:\/\/blog.polityka.pl\/adamczewski\/wp-json\/wp\/v2\/comments?post=5295"}],"version-history":[{"count":8,"href":"https:\/\/blog.polityka.pl\/adamczewski\/wp-json\/wp\/v2\/posts\/5295\/revisions"}],"predecessor-version":[{"id":5298,"href":"https:\/\/blog.polityka.pl\/adamczewski\/wp-json\/wp\/v2\/posts\/5295\/revisions\/5298"}],"wp:attachment":[{"href":"https:\/\/blog.polityka.pl\/adamczewski\/wp-json\/wp\/v2\/media?parent=5295"}],"wp:term":[{"taxonomy":"category","embeddable":true,"href":"https:\/\/blog.polityka.pl\/adamczewski\/wp-json\/wp\/v2\/categories?post=5295"},{"taxonomy":"post_tag","embeddable":true,"href":"https:\/\/blog.polityka.pl\/adamczewski\/wp-json\/wp\/v2\/tags?post=5295"}],"curies":[{"name":"wp","href":"https:\/\/api.w.org\/{rel}","templated":true}]}}