
{"id":530,"date":"2008-07-04T08:00:15","date_gmt":"2008-07-04T06:00:15","guid":{"rendered":"http:\/\/adamczewski.blog.polityka.pl\/?p=530"},"modified":"2008-07-03T09:09:44","modified_gmt":"2008-07-03T07:09:44","slug":"wiejskie-rozkosze","status":"publish","type":"post","link":"https:\/\/blog.polityka.pl\/adamczewski\/2008\/07\/04\/wiejskie-rozkosze\/","title":{"rendered":"Wiejskie rozkosze"},"content":{"rendered":"<p>Tym razem ma\u0142o tekstu a du\u017co widok\u00f3w. To oczywi\u015bcie z lenistwa spowodowanego upa\u0142em. Jest bowiem u nas gor\u0105co i tylko \u017cyczy\u0107 sobie trzeba, by taka pogoda by\u0142a i na pocz\u0105tku wrze\u015bnia.<\/p>\n<p>Na zamieszczonych obrazkach mo\u017cecie zobaczy\u0107 lina w \u015bmietanie  a w tle pierogi z mi\u0119sem i fragmenty sur\u00f3wki oraz \u017cur podany w chlebie. A wszystko oczywi\u015bcie ze &#8222;Z\u0142otego Lina&#8221;.<\/p>\n<p>Jest te\u017c Zuzanna czyli nasza 12-letnia wnuczka hasaj\u0105ca na desce po Zalewie Zegrzy\u0144skim.<\/p>\n<p>A jak Zuzia to i Kuba musi  by\u0107. Zamieszczam jedno znane Wam zdj\u0119cie z pobytu w Berlinie (w czasie ferii wiosennych) i fotografi\u0119 bie\u017c\u0105c\u0105. Tak wygl\u0105da dzi\u015b Jakub z ose\u0142edcem, kt\u00f3ry sobie (i nam) zafundowa\u0142 w dniu uko\u0144czenia gimnazjum.<br \/>\nTeraz obydwoje s\u0105 wraz ze swoj\u0105 mam\u0105 na obozie cz\u0142onk\u00f3w ch\u00f3ru pie\u015bni renesansowej &#8222;Po\u015brodku \u017bywota&#8221; gdzie\u015b tam hen na p\u00f3\u0142nocnym wschodzie czyli za Suwa\u0142kami.<\/p>\n<p>Ciekawe jak b\u0119d\u0105 wygl\u0105da\u0107 gdy wr\u00f3c\u0105?!<\/p>\n<p>A my z Barbar\u0105 dzia\u0142amy jak saperzy zwiadowcy: od knajpy do knajpy w poszukiwaniu najw\u0142a\u015bciwszego miejsca dla nas i dla Was. Na razie \u017cyjemy. Hurra!<\/p>\n<p><img loading=\"lazy\" decoding=\"async\" src=\"http:\/\/adamczewski.blog.polityka.pl\/wp-content\/uploads\/2008\/Lin___w___mietanieP6250042.JPG\" alt=\"Lin___w___mietanieP6250042.JPG\" title=\"Lin___w___mietanieP6250042.JPG\" border=\"0\" height=\"338\" hspace=\"5\" vspace=\"5\" width=\"450\" \/><\/p>\n<p><img loading=\"lazy\" decoding=\"async\" src=\"http:\/\/adamczewski.blog.polityka.pl\/wp-content\/uploads\/2008\/__ur_w_chlebieP6250039.JPG\" alt=\"__ur_w_chlebieP6250039.JPG\" title=\"__ur_w_chlebieP6250039.JPG\" border=\"0\" height=\"338\" hspace=\"5\" vspace=\"5\" width=\"450\" \/><\/p>\n<p><img loading=\"lazy\" decoding=\"async\" src=\"http:\/\/adamczewski.blog.polityka.pl\/wp-content\/uploads\/2008\/KubaChi__czykDSCN0559.JPG\" alt=\"KubaChi__czykDSCN0559.JPG\" title=\"KubaChi__czykDSCN0559.JPG\" border=\"0\" height=\"600\" hspace=\"5\" vspace=\"5\" width=\"450\" \/><\/p>\n<p><img loading=\"lazy\" decoding=\"async\" src=\"http:\/\/adamczewski.blog.polityka.pl\/wp-content\/uploads\/2008\/Kuba_ose__edec1_P6220002.JPG\" alt=\"Kuba_ose__edec1_P6220002.JPG\" title=\"Kuba_ose__edec1_P6220002.JPG\" border=\"0\" height=\"338\" hspace=\"5\" vspace=\"5\" width=\"450\" \/><\/p>\n<p><img loading=\"lazy\" decoding=\"async\" src=\"http:\/\/adamczewski.blog.polityka.pl\/wp-content\/uploads\/2008\/Zuza_na_desce1P6250031.JPG\" alt=\"Zuza_na_desce1P6250031.JPG\" title=\"Zuza_na_desce1P6250031.JPG\" border=\"0\" height=\"338\" hspace=\"5\" vspace=\"5\" width=\"450\" \/><\/p>\n<p><img loading=\"lazy\" decoding=\"async\" src=\"http:\/\/adamczewski.blog.polityka.pl\/wp-content\/uploads\/2008\/Zuza_na_desce3P6250036.JPG\" alt=\"Zuza_na_desce3P6250036.JPG\" title=\"Zuza_na_desce3P6250036.JPG\" border=\"0\" height=\"338\" hspace=\"5\" vspace=\"5\" width=\"450\" \/><\/p>\n<p><img loading=\"lazy\" decoding=\"async\" src=\"http:\/\/adamczewski.blog.polityka.pl\/wp-content\/uploads\/2008\/Zuza_na_desce5P6250037.JPG\" alt=\"Zuza_na_desce5P6250037.JPG\" title=\"Zuza_na_desce5P6250037.JPG\" border=\"0\" height=\"338\" hspace=\"5\" vspace=\"5\" width=\"450\" \/><\/p>\n","protected":false},"excerpt":{"rendered":"<p>Tym razem ma\u0142o tekstu a du\u017co widok\u00f3w. To oczywi\u015bcie z lenistwa spowodowanego upa\u0142em. Jest bowiem u nas gor\u0105co i tylko \u017cyczy\u0107 sobie trzeba, by taka pogoda by\u0142a i na pocz\u0105tku wrze\u015bnia. Na zamieszczonych obrazkach mo\u017cecie zobaczy\u0107 lina w \u015bmietanie a w tle pierogi z mi\u0119sem i fragmenty sur\u00f3wki oraz \u017cur podany w chlebie. A wszystko [&hellip;]<\/p>\n","protected":false},"author":2,"featured_media":0,"comment_status":"open","ping_status":"open","sticky":false,"template":"","format":"standard","meta":{"footnotes":""},"categories":[1],"tags":[],"_links":{"self":[{"href":"https:\/\/blog.polityka.pl\/adamczewski\/wp-json\/wp\/v2\/posts\/530"}],"collection":[{"href":"https:\/\/blog.polityka.pl\/adamczewski\/wp-json\/wp\/v2\/posts"}],"about":[{"href":"https:\/\/blog.polityka.pl\/adamczewski\/wp-json\/wp\/v2\/types\/post"}],"author":[{"embeddable":true,"href":"https:\/\/blog.polityka.pl\/adamczewski\/wp-json\/wp\/v2\/users\/2"}],"replies":[{"embeddable":true,"href":"https:\/\/blog.polityka.pl\/adamczewski\/wp-json\/wp\/v2\/comments?post=530"}],"version-history":[{"count":0,"href":"https:\/\/blog.polityka.pl\/adamczewski\/wp-json\/wp\/v2\/posts\/530\/revisions"}],"wp:attachment":[{"href":"https:\/\/blog.polityka.pl\/adamczewski\/wp-json\/wp\/v2\/media?parent=530"}],"wp:term":[{"taxonomy":"category","embeddable":true,"href":"https:\/\/blog.polityka.pl\/adamczewski\/wp-json\/wp\/v2\/categories?post=530"},{"taxonomy":"post_tag","embeddable":true,"href":"https:\/\/blog.polityka.pl\/adamczewski\/wp-json\/wp\/v2\/tags?post=530"}],"curies":[{"name":"wp","href":"https:\/\/api.w.org\/{rel}","templated":true}]}}