
{"id":5309,"date":"2012-10-01T08:00:43","date_gmt":"2012-10-01T06:00:43","guid":{"rendered":"http:\/\/adamczewski.blog.polityka.pl\/?p=5309"},"modified":"2012-10-01T08:11:49","modified_gmt":"2012-10-01T06:11:49","slug":"jesienny-spacer-i-jego-rezultaty","status":"publish","type":"post","link":"https:\/\/blog.polityka.pl\/adamczewski\/2012\/10\/01\/jesienny-spacer-i-jego-rezultaty\/","title":{"rendered":"Jesienny spacer i jego rezultaty"},"content":{"rendered":"<p>Miniona niedziela mimo straszenia meteorolog\u00f3w wszelkich stacji TV by\u0142a pi\u0119kna. Przynajmniej u nas na skraju Puszczy Bia\u0142ej, nad \u0142\u0105kami narwia\u0144skimi.<\/p>\n<p><!--more--><a href=\"\/wp-content\/uploads\/2012\/09\/Kanie.jpg\"><img loading=\"lazy\" decoding=\"async\" class=\"aligncenter size-medium wp-image-5310\" title=\"OLYMPUS DIGITAL CAMERA\" src=\"\/wp-content\/uploads\/2012\/09\/Kanie-300x225.jpg\" alt=\"\" width=\"300\" height=\"225\" srcset=\"\/adamczewski\/wp-content\/uploads\/2012\/09\/Kanie-300x225.jpg 300w, \/adamczewski\/wp-content\/uploads\/2012\/09\/Kanie.jpg 640w\" sizes=\"(max-width: 300px) 100vw, 300px\" \/><\/a><em>Kanie nad \u0142\u0105kami\u00a0\u00a0\u00a0\u00a0\u00a0 Fot. P. Adamczewski<\/em><\/p>\n<p>Postanowili\u015bmy wi\u0119c wykorzysta\u0107 ten pi\u0119kny czas i p\u00f3j\u015b\u0107 na d\u0142ug\u0105 w\u0119dr\u00f3wk\u0119 nad rzek\u0119. Taki kr\u0105g jaki zwykle zataczamy id\u0105c przez nasza wie\u015b do rzeki, potem po wale przeciwpowodziowym\u00a0do Kruczego Borku i z powrotem do domu to marsz dwugodzinny. Zwykle na \u0142\u0105kach widzimy pas\u0105ce si\u0119 sarny, czasem uda spotka\u0107 si\u0119 nawet \u0142osia, w rowach melioracyjnych mieszkaj\u0105 bobry, wi\u0119c ogl\u0105damy \u015bci\u0119te przez nie topole, spod n\u00f3g uciekaj\u0105 sp\u0142oszone zaj\u0105ce. S\u0142owem\u00a0&#8211; nurzamy si\u0119 w &#8222;pi\u0119knych okoliczno\u015bciach przyrody&#8221;.<br \/>\nTym razem jednak by\u0142o zupe\u0142nie inaczej. Mieli\u015bmy ze sob\u0105 aparat fotograficzny i lornetk\u0119. Nie przewidywali\u015bmy bowiem tego co zastali\u015bmy przy drodze.<br \/>\nTu\u017c za wsi\u0105, nad samymi \u0142\u0105kami, zobaczyli\u015bmy pi\u0119kn\u0105 kani\u0119. Zerwali\u015bmy wi\u0119c grzyba z my\u015bl\u0105 o przek\u0105sce do wieczornego posi\u0142ku. Za pierwsz\u0105 kani\u0105 ros\u0142a druga, po niej kolejna, potem nast\u0119pna i nast\u0119pna. Musia\u0142em zdj\u0105\u0107 koszul\u0119, by dorodne grzyby zapakowa\u0107 jak do kosza i donie\u015b\u0107 nie \u0142ami\u0105c do domu.<\/p>\n<p><a href=\"\/wp-content\/uploads\/2012\/09\/Kanie-zebrane.jpg\"><img loading=\"lazy\" decoding=\"async\" class=\"aligncenter size-medium wp-image-5311\" title=\"OLYMPUS DIGITAL CAMERA\" src=\"\/wp-content\/uploads\/2012\/09\/Kanie-zebrane-300x225.jpg\" alt=\"\" width=\"300\" height=\"225\" srcset=\"\/adamczewski\/wp-content\/uploads\/2012\/09\/Kanie-zebrane-300x225.jpg 300w, \/adamczewski\/wp-content\/uploads\/2012\/09\/Kanie-zebrane.jpg 640w\" sizes=\"(max-width: 300px) 100vw, 300px\" \/><\/a><em>Nasz niedzielny plon\u00a0\u00a0\u00a0\u00a0 Fo. P. Adamczewski<\/em><\/p>\n<p>Spacer diabli wzi\u0119li ale\u00a0 wr\u00f3cili\u015bmy do domu z czterdziestoma kaniami. Dwie natychmiast usma\u017cyli\u015bmy panierowane w jajku i tartej bu\u0142ce i zjedli\u015bmy na tzw. drugie \u015bniadanie. 10 podarowali\u015bmy s\u0105siadom czyli rodzinie so\u0142tysa. Reszt\u0119 zabrali\u015bmy do Warszawy, by rozdawa\u0107 przyjacio\u0142om, wnukom i s\u0105siadom.<br \/>\nJesie\u0144 bywa bardzo pi\u0119kna!<\/p>\n","protected":false},"excerpt":{"rendered":"<p>Miniona niedziela mimo straszenia meteorolog\u00f3w wszelkich stacji TV by\u0142a pi\u0119kna. Przynajmniej u nas na skraju Puszczy Bia\u0142ej, nad \u0142\u0105kami narwia\u0144skimi.<\/p>\n","protected":false},"author":2,"featured_media":0,"comment_status":"open","ping_status":"open","sticky":false,"template":"","format":"standard","meta":{"footnotes":""},"categories":[1],"tags":[],"_links":{"self":[{"href":"https:\/\/blog.polityka.pl\/adamczewski\/wp-json\/wp\/v2\/posts\/5309"}],"collection":[{"href":"https:\/\/blog.polityka.pl\/adamczewski\/wp-json\/wp\/v2\/posts"}],"about":[{"href":"https:\/\/blog.polityka.pl\/adamczewski\/wp-json\/wp\/v2\/types\/post"}],"author":[{"embeddable":true,"href":"https:\/\/blog.polityka.pl\/adamczewski\/wp-json\/wp\/v2\/users\/2"}],"replies":[{"embeddable":true,"href":"https:\/\/blog.polityka.pl\/adamczewski\/wp-json\/wp\/v2\/comments?post=5309"}],"version-history":[{"count":4,"href":"https:\/\/blog.polityka.pl\/adamczewski\/wp-json\/wp\/v2\/posts\/5309\/revisions"}],"predecessor-version":[{"id":5320,"href":"https:\/\/blog.polityka.pl\/adamczewski\/wp-json\/wp\/v2\/posts\/5309\/revisions\/5320"}],"wp:attachment":[{"href":"https:\/\/blog.polityka.pl\/adamczewski\/wp-json\/wp\/v2\/media?parent=5309"}],"wp:term":[{"taxonomy":"category","embeddable":true,"href":"https:\/\/blog.polityka.pl\/adamczewski\/wp-json\/wp\/v2\/categories?post=5309"},{"taxonomy":"post_tag","embeddable":true,"href":"https:\/\/blog.polityka.pl\/adamczewski\/wp-json\/wp\/v2\/tags?post=5309"}],"curies":[{"name":"wp","href":"https:\/\/api.w.org\/{rel}","templated":true}]}}