
{"id":5326,"date":"2012-10-05T08:00:14","date_gmt":"2012-10-05T06:00:14","guid":{"rendered":"http:\/\/adamczewski.blog.polityka.pl\/?p=5326"},"modified":"2012-10-02T17:16:02","modified_gmt":"2012-10-02T15:16:02","slug":"kolorowe-i-smaczne-obrazki","status":"publish","type":"post","link":"https:\/\/blog.polityka.pl\/adamczewski\/2012\/10\/05\/kolorowe-i-smaczne-obrazki\/","title":{"rendered":"Kolorowe i smaczne obrazki"},"content":{"rendered":"<p>Niedawno pisa\u0142em o pewnym zniech\u0119ceniu, kt\u00f3re mnie ogarnia na my\u015bl o wyprawie do restauracji. W\u015br\u00f3d g\u0142os\u00f3w polemicznych zamieszczonych pod tym tekstem by\u0142y takie o wielu korzy\u015bciach wynoszonych z jedzenia w mie\u015bcie a nie w domu. Oto mo\u017cna podejrze\u0107 jak zawodowi kucharze dekoruj\u0105 swoje dania, albo\u00a0\u00a0\u00a0\u00a0 zainspirowa\u0107 si\u0119 nieznanym dot\u0105d przepisem, lub nawi\u0105za\u0107 znajomo\u015b\u0107 z sympatycznymi s\u0105siadami (ten ostatni argument dotyczy\u0142 restauracji funkcjonuj\u0105cych na po\u0142udniu Europy) itd., itp.<\/p>\n<p><!--more--><br \/>\nNie przekona\u0142o mnie to zupe\u0142nie. Profesjonali\u015bci dekoruj\u0105 swoje dania zbyt wymy\u015blnie jak na m\u00f3j gust. I prawd\u0119 m\u00f3wi\u0105c robi\u0105 to na jedno kopyto. Nieznane przepisy wol\u0119 zdobywa\u0107 inna drog\u0105: od przyjaci\u00f3\u0142, znajomych, z ksi\u0105\u017cek, film\u00f3w. Znajomo\u015bci wol\u0119 nawi\u0105zywa\u0107 te\u017c w innym miejscu ni\u017c restauracja. Nie cz\u0119sto bowiem mam szcz\u0119\u015bcie usi\u0105\u015b\u0107 obok kogo\u015b interesuj\u0105cego. I rzeczywi\u015bcie znacznie cz\u0119\u015bciej bywa to we W\u0142oszech, Francji lub Hiszpanii ni\u017c na naszej mazowieckiej r\u00f3wninie.<br \/>\nAby jednak nie malkontenci\u0107 nadmiernie (to wp\u0142yw nadchodz\u0105cej k\u0142usem deszczowej jesieni) reszt\u0119 miejsca po\u015bwi\u0119conego na dzisiejszy felieton zajm\u0105 zdj\u0119cia. B\u0119d\u0105 to r\u00f3\u017cne dania robione i podawane w moim domu. Mnie si\u0119 podobaj\u0105, bo s\u0105 kolorowe i wzbudzaj\u0105ce apetyt. Go\u015bcie za\u015b chwalili je tak\u017ce za smak. A wiem, \u017ce wi\u0119kszo\u015b\u0107 z blogowych przyjaci\u00f3\u0142 te\u017c potrafi (i to jeszcze pi\u0119kniej) zastawi\u0107 st\u00f3\u0142 tak, \u017ce wszystkim \u015blinka leci. Tylko niezbyt cz\u0119sto to pokazuj\u0105 publicznie. Mo\u017ce wi\u0119c dzi\u015b&#8230;<\/p>\n<p><a href=\"\/wp-content\/uploads\/2012\/10\/Dom-deska-ser\u00f3w.jpg\"><img loading=\"lazy\" decoding=\"async\" class=\"aligncenter size-medium wp-image-5328\" title=\"OLYMPUS DIGITAL CAMERA\" src=\"\/wp-content\/uploads\/2012\/10\/Dom-deska-ser\u00f3w-300x225.jpg\" alt=\"\" width=\"300\" height=\"225\" srcset=\"\/adamczewski\/wp-content\/uploads\/2012\/10\/Dom-deska-ser\u00f3w-300x225.jpg 300w, \/adamczewski\/wp-content\/uploads\/2012\/10\/Dom-deska-ser\u00f3w.jpg 640w\" sizes=\"(max-width: 300px) 100vw, 300px\" \/><\/a><\/p>\n<p><em>Deska ser\u00f3w<\/em><\/p>\n<p><a href=\"\/wp-content\/uploads\/2012\/10\/Dom-foie-gras-z-figamiP3210001.jpg\"><img loading=\"lazy\" decoding=\"async\" class=\"aligncenter size-medium wp-image-5329\" title=\"Dom foie gras z figamiP3210001\" src=\"\/wp-content\/uploads\/2012\/10\/Dom-foie-gras-z-figamiP3210001-300x225.jpg\" alt=\"\" width=\"300\" height=\"225\" srcset=\"\/adamczewski\/wp-content\/uploads\/2012\/10\/Dom-foie-gras-z-figamiP3210001-300x225.jpg 300w, \/adamczewski\/wp-content\/uploads\/2012\/10\/Dom-foie-gras-z-figamiP3210001.jpg 640w\" sizes=\"(max-width: 300px) 100vw, 300px\" \/><\/a><\/p>\n<p><em>Foie gras z rodzynkami i \u015bwie\u017cymi figami<\/em><\/p>\n<p><a href=\"\/wp-content\/uploads\/2012\/10\/Dom-pieczona-papryka-z-sardelami.jpg\"><img loading=\"lazy\" decoding=\"async\" class=\"aligncenter size-medium wp-image-5331\" title=\"OLYMPUS DIGITAL CAMERA\" src=\"\/wp-content\/uploads\/2012\/10\/Dom-pieczona-papryka-z-sardelami-300x225.jpg\" alt=\"\" width=\"300\" height=\"225\" srcset=\"\/adamczewski\/wp-content\/uploads\/2012\/10\/Dom-pieczona-papryka-z-sardelami-300x225.jpg 300w, \/adamczewski\/wp-content\/uploads\/2012\/10\/Dom-pieczona-papryka-z-sardelami.jpg 640w\" sizes=\"(max-width: 300px) 100vw, 300px\" \/><\/a><\/p>\n<p><em>Pieczona papryka z sardelami (anchois)<\/em><\/p>\n<p><a href=\"\/wp-content\/uploads\/2012\/10\/Dom-sa\u0142ata-z-w\u0119dzonymi-karpiem-i-pstr\u0105giem.jpg\"><img loading=\"lazy\" decoding=\"async\" class=\"aligncenter size-medium wp-image-5332\" title=\"OLYMPUS DIGITAL CAMERA\" src=\"\/wp-content\/uploads\/2012\/10\/Dom-sa\u0142ata-z-w\u0119dzonymi-karpiem-i-pstr\u0105giem-300x225.jpg\" alt=\"\" width=\"300\" height=\"225\" srcset=\"\/adamczewski\/wp-content\/uploads\/2012\/10\/Dom-sa\u0142ata-z-w\u0119dzonymi-karpiem-i-pstr\u0105giem-300x225.jpg 300w, \/adamczewski\/wp-content\/uploads\/2012\/10\/Dom-sa\u0142ata-z-w\u0119dzonymi-karpiem-i-pstr\u0105giem.jpg 640w\" sizes=\"(max-width: 300px) 100vw, 300px\" \/><\/a><\/p>\n<p><em>Sa\u0142ata z w\u0119dzonym karpiem i pstr\u0105giem oraz truskawkami<\/em><\/p>\n<p><a href=\"\/wp-content\/uploads\/2012\/10\/Go\u015bcie-i-ciasto-ze-Stawiska-P6160242.jpg\"><img loading=\"lazy\" decoding=\"async\" class=\"aligncenter size-medium wp-image-5333\" title=\"OLYMPUS DIGITAL CAMERA\" src=\"\/wp-content\/uploads\/2012\/10\/Go\u015bcie-i-ciasto-ze-Stawiska-P6160242-300x225.jpg\" alt=\"\" width=\"300\" height=\"225\" srcset=\"\/adamczewski\/wp-content\/uploads\/2012\/10\/Go\u015bcie-i-ciasto-ze-Stawiska-P6160242-300x225.jpg 300w, \/adamczewski\/wp-content\/uploads\/2012\/10\/Go\u015bcie-i-ciasto-ze-Stawiska-P6160242.jpg 640w\" sizes=\"(max-width: 300px) 100vw, 300px\" \/><\/a><\/p>\n<p><em>Ciasto wg. przepisu ze Stawiska ( dom Iwaszkiewicza)<\/em><\/p>\n<p><a href=\"\/wp-content\/uploads\/2012\/10\/Jaja-poszetowane-z-sa\u0142at\u0105PA130458.jpg\"><img loading=\"lazy\" decoding=\"async\" class=\"aligncenter size-medium wp-image-5334\" title=\"Jaja poszetowane z sa\u0142at\u0105PA130458\" src=\"\/wp-content\/uploads\/2012\/10\/Jaja-poszetowane-z-sa\u0142at\u0105PA130458-225x300.jpg\" alt=\"\" width=\"225\" height=\"300\" srcset=\"\/adamczewski\/wp-content\/uploads\/2012\/10\/Jaja-poszetowane-z-sa\u0142at\u0105PA130458-225x300.jpg 225w, \/adamczewski\/wp-content\/uploads\/2012\/10\/Jaja-poszetowane-z-sa\u0142at\u0105PA130458-768x1024.jpg 768w\" sizes=\"(max-width: 225px) 100vw, 225px\" \/><\/a><\/p>\n<p><em>Jaja poszetowane czyli w koszulkach<\/em><\/p>\n<p><a href=\"\/wp-content\/uploads\/2012\/10\/Jaja-z-kawiorem.jpg\"><img loading=\"lazy\" decoding=\"async\" class=\"aligncenter size-medium wp-image-5335\" title=\"OLYMPUS DIGITAL CAMERA\" src=\"\/wp-content\/uploads\/2012\/10\/Jaja-z-kawiorem-300x225.jpg\" alt=\"\" width=\"300\" height=\"225\" srcset=\"\/adamczewski\/wp-content\/uploads\/2012\/10\/Jaja-z-kawiorem-300x225.jpg 300w, \/adamczewski\/wp-content\/uploads\/2012\/10\/Jaja-z-kawiorem.jpg 640w\" sizes=\"(max-width: 300px) 100vw, 300px\" \/><\/a><\/p>\n<p><em>Jaja z kawiorem<\/em><\/p>\n<p><a href=\"\/wp-content\/uploads\/2012\/10\/Karczochy-gotowe-PB280014.jpg\"><img loading=\"lazy\" decoding=\"async\" class=\"aligncenter size-medium wp-image-5336\" title=\"OLYMPUS DIGITAL CAMERA\" src=\"\/wp-content\/uploads\/2012\/10\/Karczochy-gotowe-PB280014-300x225.jpg\" alt=\"\" width=\"300\" height=\"225\" srcset=\"\/adamczewski\/wp-content\/uploads\/2012\/10\/Karczochy-gotowe-PB280014-300x225.jpg 300w, \/adamczewski\/wp-content\/uploads\/2012\/10\/Karczochy-gotowe-PB280014.jpg 640w\" sizes=\"(max-width: 300px) 100vw, 300px\" \/><\/a><\/p>\n<p><em>Karczochy<\/em><\/p>\n<p>Chyba ju\u017c wystarczy tego dobrego. Jestem g\u0142odny. P\u0119dz\u0119 do kuchni przygotowa\u0107 \u015bniadanie.<\/p>\n","protected":false},"excerpt":{"rendered":"<p>Niedawno pisa\u0142em o pewnym zniech\u0119ceniu, kt\u00f3re mnie ogarnia na my\u015bl o wyprawie do restauracji. W\u015br\u00f3d g\u0142os\u00f3w polemicznych zamieszczonych pod tym tekstem by\u0142y takie o wielu korzy\u015bciach wynoszonych z jedzenia w mie\u015bcie a nie w domu. Oto mo\u017cna podejrze\u0107 jak zawodowi kucharze dekoruj\u0105 swoje dania, albo\u00a0\u00a0\u00a0\u00a0 zainspirowa\u0107 si\u0119 nieznanym dot\u0105d przepisem, lub nawi\u0105za\u0107 znajomo\u015b\u0107 z sympatycznymi [&hellip;]<\/p>\n","protected":false},"author":2,"featured_media":0,"comment_status":"open","ping_status":"open","sticky":false,"template":"","format":"standard","meta":{"footnotes":""},"categories":[1],"tags":[],"_links":{"self":[{"href":"https:\/\/blog.polityka.pl\/adamczewski\/wp-json\/wp\/v2\/posts\/5326"}],"collection":[{"href":"https:\/\/blog.polityka.pl\/adamczewski\/wp-json\/wp\/v2\/posts"}],"about":[{"href":"https:\/\/blog.polityka.pl\/adamczewski\/wp-json\/wp\/v2\/types\/post"}],"author":[{"embeddable":true,"href":"https:\/\/blog.polityka.pl\/adamczewski\/wp-json\/wp\/v2\/users\/2"}],"replies":[{"embeddable":true,"href":"https:\/\/blog.polityka.pl\/adamczewski\/wp-json\/wp\/v2\/comments?post=5326"}],"version-history":[{"count":4,"href":"https:\/\/blog.polityka.pl\/adamczewski\/wp-json\/wp\/v2\/posts\/5326\/revisions"}],"predecessor-version":[{"id":5350,"href":"https:\/\/blog.polityka.pl\/adamczewski\/wp-json\/wp\/v2\/posts\/5326\/revisions\/5350"}],"wp:attachment":[{"href":"https:\/\/blog.polityka.pl\/adamczewski\/wp-json\/wp\/v2\/media?parent=5326"}],"wp:term":[{"taxonomy":"category","embeddable":true,"href":"https:\/\/blog.polityka.pl\/adamczewski\/wp-json\/wp\/v2\/categories?post=5326"},{"taxonomy":"post_tag","embeddable":true,"href":"https:\/\/blog.polityka.pl\/adamczewski\/wp-json\/wp\/v2\/tags?post=5326"}],"curies":[{"name":"wp","href":"https:\/\/api.w.org\/{rel}","templated":true}]}}