
{"id":536,"date":"2008-07-16T08:00:37","date_gmt":"2008-07-16T06:00:37","guid":{"rendered":"http:\/\/adamczewski.blog.polityka.pl\/?p=536"},"modified":"2008-07-16T08:00:37","modified_gmt":"2008-07-16T06:00:37","slug":"zgadnij-co-gotujemy99","status":"publish","type":"post","link":"https:\/\/blog.polityka.pl\/adamczewski\/2008\/07\/16\/zgadnij-co-gotujemy99\/","title":{"rendered":"Zgadnij co gotujemy?(99)"},"content":{"rendered":"<p>W przysz\u0142ym tygodniu padnie setka. Zupe\u0142nie nie rozumiem co w tym takiego zdumiewaj\u0105cego, \u017ce od paru tygodni wszystkim ta liczb\u0105 g\u0142ow\u0119 zawracam. No to do\u015b\u0107 tej numerologii. Dzisiaj, poniewa\u017c nadal \u017car panuje na dworze, to nie b\u0119d\u0119 si\u0119 nad Wami pastwi\u0142 i znowu zadam trzy nietrudne pytania. Nagrod\u0105 za prawid\u0142owe odpowiedzi\u00a0 b\u0119dzie kolejna wakacyjna ksi\u0105\u017cka wydana przez Readers Digest i to o mi\u0142o\u015bci (jak na lato przysta\u0142o). Odpowiedzi prosz\u0119 wysy\u0142a\u0107 na sta\u0142y adres czyli internet@polityka.com.pl<\/p>\n<p>Oto pytania:<\/p>\n<p>1. Jak nazywa\u0142 si\u0119 kucharz kr\u00f3la Stanis\u0142awa Augusta?<br \/>\n2. Gdzie powo\u0142ano do \u017cycia Kapitu\u0142\u0119 Orderu Pomiana?<br \/>\n3. Mi\u0142o\u015bniczka oper i czekoladowych bombonierek, autorka ksi\u0105\u017cek poradniczych rozchodz\u0105cych si\u0119 w nak\u0142adach, kt\u00f3rych zazdro\u015bci\u0142 Prus to by\u0142a &#8230;?<\/p>\n<p>Czekam na dobre odpowiedzi.<\/p>\n","protected":false},"excerpt":{"rendered":"<p>W przysz\u0142ym tygodniu padnie setka. Zupe\u0142nie nie rozumiem co w tym takiego zdumiewaj\u0105cego, \u017ce od paru tygodni wszystkim ta liczb\u0105 g\u0142ow\u0119 zawracam. No to do\u015b\u0107 tej numerologii. Dzisiaj, poniewa\u017c nadal \u017car panuje na dworze, to nie b\u0119d\u0119 si\u0119 nad Wami pastwi\u0142 i znowu zadam trzy nietrudne pytania. Nagrod\u0105 za prawid\u0142owe odpowiedzi\u00a0 b\u0119dzie kolejna wakacyjna ksi\u0105\u017cka [&hellip;]<\/p>\n","protected":false},"author":2,"featured_media":0,"comment_status":"open","ping_status":"open","sticky":false,"template":"","format":"standard","meta":{"footnotes":""},"categories":[1],"tags":[],"_links":{"self":[{"href":"https:\/\/blog.polityka.pl\/adamczewski\/wp-json\/wp\/v2\/posts\/536"}],"collection":[{"href":"https:\/\/blog.polityka.pl\/adamczewski\/wp-json\/wp\/v2\/posts"}],"about":[{"href":"https:\/\/blog.polityka.pl\/adamczewski\/wp-json\/wp\/v2\/types\/post"}],"author":[{"embeddable":true,"href":"https:\/\/blog.polityka.pl\/adamczewski\/wp-json\/wp\/v2\/users\/2"}],"replies":[{"embeddable":true,"href":"https:\/\/blog.polityka.pl\/adamczewski\/wp-json\/wp\/v2\/comments?post=536"}],"version-history":[{"count":0,"href":"https:\/\/blog.polityka.pl\/adamczewski\/wp-json\/wp\/v2\/posts\/536\/revisions"}],"wp:attachment":[{"href":"https:\/\/blog.polityka.pl\/adamczewski\/wp-json\/wp\/v2\/media?parent=536"}],"wp:term":[{"taxonomy":"category","embeddable":true,"href":"https:\/\/blog.polityka.pl\/adamczewski\/wp-json\/wp\/v2\/categories?post=536"},{"taxonomy":"post_tag","embeddable":true,"href":"https:\/\/blog.polityka.pl\/adamczewski\/wp-json\/wp\/v2\/tags?post=536"}],"curies":[{"name":"wp","href":"https:\/\/api.w.org\/{rel}","templated":true}]}}