
{"id":538,"date":"2008-07-14T08:00:57","date_gmt":"2008-07-14T06:00:57","guid":{"rendered":"http:\/\/adamczewski.blog.polityka.pl\/?p=538"},"modified":"2008-07-14T08:00:57","modified_gmt":"2008-07-14T06:00:57","slug":"co-najlepiej-gasi-pragnienie","status":"publish","type":"post","link":"https:\/\/blog.polityka.pl\/adamczewski\/2008\/07\/14\/co-najlepiej-gasi-pragnienie\/","title":{"rendered":"Co najlepiej gasi pragnienie?"},"content":{"rendered":"<p>Przygotowuj\u0105c si\u0119 do sobotniej kolacji, na kt\u00f3r\u0105 zaprosili\u015bmy trzy pary przyjaci\u00f3\u0142 z s\u0105siednich wsi, musia\u0142em zgromadzi\u0107 spory zapas napoj\u00f3w gasz\u0105cych pragnienie. Upa\u0142 bowiem w tych dniach mocno wszystkim daje si\u0119 we znaki. Kupi\u0142em wi\u0119c wod\u0119 mineraln\u0105 z gazem i bez gazu, tonik, sok z czarnej porzeczki, sok pomidorowy. \u0141a\u017c\u0105c mi\u0119dzy p\u00f3\u0142kami z napojami, kt\u00f3rych s\u0105 chyba tysi\u0105ce, zacz\u0105\u0142em ju\u017c dostawa\u0107 oczopl\u0105su. I w\u00f3wczas przysz\u0142a mi z pomoc\u0105 wnuczka. &#8211; Koniecznie kup mro\u017con\u0105 herbat\u0119 &#8211; nakaza\u0142a mi Zuzia. &#8211; Teraz wszyscy to pij\u0105, bo jest smaczna, gasi pragnienie i jest bardzo zdrowa.<\/p>\n<p>Kupi\u0142em wi\u0119c trzy rodzaje mro\u017conej herbaty wed\u0142ug jej wskaz\u00f3wek: bia\u0142\u0105, zielon\u0105 i czerwon\u0105. Do tego wzi\u0119li\u015bmy prospekt obja\u015bniaj\u0105cy zalety ka\u017cdej z nich, poniewa\u017c Zuzia do wszelkich nowo\u015bci podchodzi z naukow\u0105 precyzj\u0105. Dzi\u0119ki temu dowiedzieli\u015bmy si\u0119, \u017ce bia\u0142a wprawi nas w stan o\u017cywienia, zielona spowoduje dodatkow\u0105 ochron\u0119 organizmu a czerwona b\u0119dzie \u017ar\u00f3d\u0142em ukojenia.<br \/>\nPotem znale\u017ali\u015bmy jeszcze par\u0119 zda\u0144 o miejscach pochodzenia poszczeg\u00f3lnych herbat.<\/p>\n<p>I tak listki zielonej herbaty zebrano w po\u0142udniowych Indiach. Krzewy ros\u0142y w g\u00f3rzystym terenie. Po zbiorach ten gatunek herbaty nie jest poddawany fermentacji, co pozwala zachowa\u0107 w listkach wysoki poziom antyutleniaczy. Zabezpiecza\u0107 ma to organizm pij\u0105cego przed efektem stresu oksydacyjnego.<\/p>\n<p>Wprawdzie ani Zuzia, ani ja nie wiedzieli\u015bmy, \u017ce taki stres nam grozi lecz i tak (nawet przed opr\u00f3\u017cnieniem butelki) poczuli\u015bmy si\u0119 znacznie lepiej.<\/p>\n<p>Herbata czerwona pochodzi z Republiki Po\u0142udniowej Afryki. Tam za\u015b napar z listk\u00f3w czerwonokrzewu (jak zapewnia producent) jest narodowym napojem. A w dodatku ta w\u0142a\u015bnie herbata mro\u017cona podbija\u00a0 \u015bwiat dzi\u0119ki swej \u0142agodno\u015bci i bezkofeinowo\u015bci. Prawdziwe \u017ar\u00f3d\u0142o ukojenia.<\/p>\n<p>Bia\u0142a herbata pochodzi z Chin. Jest pe\u0142na polifenoli wi\u0119c wspomaga ochron\u0119 organizmu pij\u0105cego przed wolnymi rodnikami, kt\u00f3re s\u0105 przyczyna starzenia si\u0119. Po wypiciu b\u0119dziemy\u00a0 czu\u0107 si\u0119 m\u0142odziej, pe\u0142ni energii i rado\u015bci \u017cycia.<\/p>\n<p>Po tej porcji lektury got\u00f3w by\u0142em wykupi\u0107 ca\u0142y zapas herbat mro\u017conych znajduj\u0105cy si\u0119 w sklepach Pu\u0142tuska. Niestety by\u0142o ju\u017c zbyt p\u00f3\u017ano, by wraca\u0107 do miasta a w domu czeka\u0142o nas jeszcze sporo pracy. Oskrobanie karasi, kt\u00f3re mia\u0142y wyl\u0105dowa\u0107 w brytfannie ze \u015bmietan\u0105, upieczenie placka dro\u017cd\u017cowego z kruszonk\u0105, eleganckie zas\u0142anie sto\u0142u i przygotowanie ch\u0142odz\u0105cych napoj\u00f3w.<\/p>\n<p>Gdy dojechali\u015bmy do domu okaza\u0142o si\u0119, \u017ce mro\u017conych herbat o wdzi\u0119cznej nazwie Nestea Vitao ju\u017c nie ma. Ale wyra\u017anie by\u0142o wida\u0107, \u017ce moja wnuczka jest znacznie m\u0142odsza ni\u017c przed wypraw\u0105 na zakupy, jest te\u017c wyra\u017anie o\u017cywiona i w dodatku \u017caden stres jej nie grozi. Wysnuli\u015bmy st\u0105d wniosek, \u017ce producent w druku reklamowym nie k\u0142ama\u0142. Jutro zn\u00f3w kupimy mro\u017con\u0105 herbat\u0119. Go\u015bciom za\u015b podali\u015bmy na wst\u0119pie lekkie drinki czyli wod\u0119 z naszej studni z kilkoma kroplami gruszk\u00f3wki, plasterkiem cytryny i kostkami lodu. Podczas kolacji za\u015b bardzo ch\u0142odne wina &#8211;\u00a0 bia\u0142e z San Giminiano i rose z Katalonii. I te napoje spe\u0142nia\u0142y wszystkie obietnice firmy herbacianej (cho\u0107 nic takiego nie mo\u017cna wyczyta\u0107 na ich etykietach); byli\u015bmy o\u017cywieni, odm\u0142odniali i rado\u015bni. Ten rodzaj kuracji polecamy z ca\u0142kowit\u0105 pewno\u015bci\u0105\u00a0 w\u0142a\u015bciwych skutk\u00f3w. Na zdrowie!<\/p>\n","protected":false},"excerpt":{"rendered":"<p>Przygotowuj\u0105c si\u0119 do sobotniej kolacji, na kt\u00f3r\u0105 zaprosili\u015bmy trzy pary przyjaci\u00f3\u0142 z s\u0105siednich wsi, musia\u0142em zgromadzi\u0107 spory zapas napoj\u00f3w gasz\u0105cych pragnienie. Upa\u0142 bowiem w tych dniach mocno wszystkim daje si\u0119 we znaki. Kupi\u0142em wi\u0119c wod\u0119 mineraln\u0105 z gazem i bez gazu, tonik, sok z czarnej porzeczki, sok pomidorowy. \u0141a\u017c\u0105c mi\u0119dzy p\u00f3\u0142kami z napojami, kt\u00f3rych s\u0105 [&hellip;]<\/p>\n","protected":false},"author":2,"featured_media":0,"comment_status":"open","ping_status":"open","sticky":false,"template":"","format":"standard","meta":{"footnotes":""},"categories":[1],"tags":[],"_links":{"self":[{"href":"https:\/\/blog.polityka.pl\/adamczewski\/wp-json\/wp\/v2\/posts\/538"}],"collection":[{"href":"https:\/\/blog.polityka.pl\/adamczewski\/wp-json\/wp\/v2\/posts"}],"about":[{"href":"https:\/\/blog.polityka.pl\/adamczewski\/wp-json\/wp\/v2\/types\/post"}],"author":[{"embeddable":true,"href":"https:\/\/blog.polityka.pl\/adamczewski\/wp-json\/wp\/v2\/users\/2"}],"replies":[{"embeddable":true,"href":"https:\/\/blog.polityka.pl\/adamczewski\/wp-json\/wp\/v2\/comments?post=538"}],"version-history":[{"count":0,"href":"https:\/\/blog.polityka.pl\/adamczewski\/wp-json\/wp\/v2\/posts\/538\/revisions"}],"wp:attachment":[{"href":"https:\/\/blog.polityka.pl\/adamczewski\/wp-json\/wp\/v2\/media?parent=538"}],"wp:term":[{"taxonomy":"category","embeddable":true,"href":"https:\/\/blog.polityka.pl\/adamczewski\/wp-json\/wp\/v2\/categories?post=538"},{"taxonomy":"post_tag","embeddable":true,"href":"https:\/\/blog.polityka.pl\/adamczewski\/wp-json\/wp\/v2\/tags?post=538"}],"curies":[{"name":"wp","href":"https:\/\/api.w.org\/{rel}","templated":true}]}}