
{"id":5406,"date":"2012-10-18T08:00:24","date_gmt":"2012-10-18T06:00:24","guid":{"rendered":"http:\/\/adamczewski.blog.polityka.pl\/?p=5406"},"modified":"2012-10-17T13:17:54","modified_gmt":"2012-10-17T11:17:54","slug":"niemcy-ukradli-nam-zurek","status":"publish","type":"post","link":"https:\/\/blog.polityka.pl\/adamczewski\/2012\/10\/18\/niemcy-ukradli-nam-zurek\/","title":{"rendered":"Niemcy ukradli nam \u017curek"},"content":{"rendered":"<p>Tak szybko zapomnieli\u015bmy wszelkie krzywdy jakie nam s\u0105siad z zachodu czyni\u0142 przez wieki a tu nowa wojna si\u0119 zbli\u017ca szybkimi krokami. B\u0119dzie ona zapewne odnotowana w historii jako WOJNA O \u017bUR!<br \/>\nPotrafi\u0119\u00a0 wybaczy\u0107 Niemcom czas zabor\u00f3w (s\u0142abo ju\u017c je pami\u0119tam), nawet rur\u0119 gazow\u0105 zbyt p\u0142ytko zakopan\u0105 pod dnem Ba\u0142tyku ale kradzie\u017cy \u017curku nie wybacz\u0119. Zw\u0142aszcza, \u017ce i na barszcz czerwony dokonali zamachu. \u00a0\u017bur\u00a0za\u015b to najwspanialsza polska zupa, wygrywaj\u0105ca wszelkie plebiscyty kulinarne i w\u015br\u00f3d tubylc\u00f3w, i w\u015br\u00f3d cudzoziemc\u00f3w. Odebranie nam tego przysmaku jest jak odebranie to\u017csamo\u015bci narodowej, albo kradzie\u017c sztandaru, albo&#8230;<\/p>\n<p><a href=\"\/wp-content\/uploads\/2012\/10\/german.jpg\"><img loading=\"lazy\" decoding=\"async\" class=\"aligncenter size-medium wp-image-5418\" title=\"german\" src=\"\/wp-content\/uploads\/2012\/10\/german-300x225.jpg\" alt=\"\" width=\"300\" height=\"225\" srcset=\"\/adamczewski\/wp-content\/uploads\/2012\/10\/german-300x225.jpg 300w, \/adamczewski\/wp-content\/uploads\/2012\/10\/german.jpg 640w\" sizes=\"(max-width: 300px) 100vw, 300px\" \/><\/a><\/p>\n<p>Pewnie by Polska nic o tym skandalicznym wydarzeniu nie wiedzia\u0142a, gdyby nie rodacy mieszkaj\u0105cy za oceanem. Ale nasze czujki s\u0105 wsz\u0119dzie (zgodnie z has\u0142em smakosze wszystkich kraj\u00f3w \u0142\u0105czcie si\u0119\u00a0&#8230; za sto\u0142em!). Pa\u0144stwo Alina i Anders Warne przys\u0142ali\u00a0 zdj\u0119cie, kt\u00f3re wszystkim prezentuj\u0119, by wzbudzi\u0107 oburzenie i ch\u0119\u0107 do obrony tego, co nasze by\u0142o i b\u0119dzie na wieki.<br \/>\nW dodatku jeszcze ze zdj\u0119cia wynika, \u017ce \u017curu im ma\u0142o, to i barszcz podw\u0119dzili tak\u017ce. I twierdz\u0105 bezwstydnie, \u017ce to germa\u0144skie luksusowe dania . Powinni\u015bmy w odwecie og\u0142osi\u0107 \u015bwiatu, \u017ce weisswurst, weissbier i leberkase to nasza specjalno\u015b\u0107.<br \/>\nNie b\u0119dzie Niemiec swoj\u0105 \u0142y\u017ck\u0105 miesza\u0142 w naszym kotle!<\/p>\n","protected":false},"excerpt":{"rendered":"<p>Tak szybko zapomnieli\u015bmy wszelkie krzywdy jakie nam s\u0105siad z zachodu czyni\u0142 przez wieki a tu nowa wojna si\u0119 zbli\u017ca szybkimi krokami. B\u0119dzie ona zapewne odnotowana w historii jako WOJNA O \u017bUR! Potrafi\u0119\u00a0 wybaczy\u0107 Niemcom czas zabor\u00f3w (s\u0142abo ju\u017c je pami\u0119tam), nawet rur\u0119 gazow\u0105 zbyt p\u0142ytko zakopan\u0105 pod dnem Ba\u0142tyku ale kradzie\u017cy \u017curku nie wybacz\u0119. Zw\u0142aszcza, [&hellip;]<\/p>\n","protected":false},"author":2,"featured_media":0,"comment_status":"open","ping_status":"open","sticky":false,"template":"","format":"standard","meta":{"footnotes":""},"categories":[1],"tags":[],"_links":{"self":[{"href":"https:\/\/blog.polityka.pl\/adamczewski\/wp-json\/wp\/v2\/posts\/5406"}],"collection":[{"href":"https:\/\/blog.polityka.pl\/adamczewski\/wp-json\/wp\/v2\/posts"}],"about":[{"href":"https:\/\/blog.polityka.pl\/adamczewski\/wp-json\/wp\/v2\/types\/post"}],"author":[{"embeddable":true,"href":"https:\/\/blog.polityka.pl\/adamczewski\/wp-json\/wp\/v2\/users\/2"}],"replies":[{"embeddable":true,"href":"https:\/\/blog.polityka.pl\/adamczewski\/wp-json\/wp\/v2\/comments?post=5406"}],"version-history":[{"count":7,"href":"https:\/\/blog.polityka.pl\/adamczewski\/wp-json\/wp\/v2\/posts\/5406\/revisions"}],"predecessor-version":[{"id":5415,"href":"https:\/\/blog.polityka.pl\/adamczewski\/wp-json\/wp\/v2\/posts\/5406\/revisions\/5415"}],"wp:attachment":[{"href":"https:\/\/blog.polityka.pl\/adamczewski\/wp-json\/wp\/v2\/media?parent=5406"}],"wp:term":[{"taxonomy":"category","embeddable":true,"href":"https:\/\/blog.polityka.pl\/adamczewski\/wp-json\/wp\/v2\/categories?post=5406"},{"taxonomy":"post_tag","embeddable":true,"href":"https:\/\/blog.polityka.pl\/adamczewski\/wp-json\/wp\/v2\/tags?post=5406"}],"curies":[{"name":"wp","href":"https:\/\/api.w.org\/{rel}","templated":true}]}}