
{"id":5420,"date":"2012-10-19T08:00:24","date_gmt":"2012-10-19T06:00:24","guid":{"rendered":"http:\/\/adamczewski.blog.polityka.pl\/?p=5420"},"modified":"2012-10-18T15:42:22","modified_gmt":"2012-10-18T13:42:22","slug":"poscig-za-monika","status":"publish","type":"post","link":"https:\/\/blog.polityka.pl\/adamczewski\/2012\/10\/19\/poscig-za-monika\/","title":{"rendered":"Po\u015bcig za Monik\u0105"},"content":{"rendered":"<p>Ksi\u0105\u017cki Moniki S. znane s\u0105 sporej grupie smakoszy i ciesz\u0105 si\u0119 \u015bwietn\u0105 opini\u0105. My\u015bl\u0119, \u017ce kolejne (a s\u0105 w &#8222;produkcji&#8221;) b\u0119d\u0105 jeszcze atrakcyjniejsz\u0105 lektur\u0105. Ma bowiem autorka siln\u0105 konkurencj\u0119. I to nie tylko damsk\u0105. Oto na rynku ksi\u0119garskim ukaza\u0142a si\u0119 ksi\u0105\u017cka Janusza Majewskiego &#8222;Zima w Siedlisku&#8221;. To druga cz\u0119\u015b\u0107 powie\u015bci &#8222;Siedlisko&#8221; napisanej przez \u017con\u0119 re\u017cysera, s\u0142ynn\u0105 fotografk\u0119 Zofi\u0119 Nasierowsk\u0105.<\/p>\n<p><!--more--><\/p>\n<p><a href=\"\/wp-content\/uploads\/2012\/10\/Janusz-Majewski_Zima-w-Siedlisku.jpg\"><img loading=\"lazy\" decoding=\"async\" class=\"aligncenter size-medium wp-image-5421\" title=\"Janusz Majewski_Zima w Siedlisku\" src=\"\/wp-content\/uploads\/2012\/10\/Janusz-Majewski_Zima-w-Siedlisku-208x300.jpg\" alt=\"\" width=\"208\" height=\"300\" \/><\/a><\/p>\n<p>Na podstawie &#8222;Siedliska&#8221; Majewski nakr\u0119ci\u0142 serial, w kt\u00f3rym g\u0142\u00f3wn\u0105 rol\u0119 kreowa\u0142a Anna Dymna. Serial cieszy\u0142 si\u0119\u00a0&#8211; tak jak i ksi\u0105\u017cka\u00a0&#8211; sporym powodzeniem.<br \/>\nPo \u015bmierci Zofii Nasierowskiej Janusz Majewski postanowi\u0142 napisa\u0107 dalszy ci\u0105g historii w\u0142a\u015bcicieli pensjonatu nad jeziorami, w kt\u00f3rym ch\u0119tnie sp\u0119dzali czas ludzie z tzw. dobrego towarzystwa. I zrobi\u0142 to z talentem. A ksi\u0105\u017ck\u0119 czyta si\u0119 z wi\u0119ksz\u0105 przyjemno\u015bci\u0105 ni\u017c inne romanse z dw\u00f3ch powod\u00f3w: zawiera ona bardzo smakowite opisy wielu potraw, kt\u00f3re przyrz\u0105dza\u0142a i fotografowa\u0142a zmar\u0142a \u017cona ale tak\u017ce, i\u017c stosunkowo \u0142atwo rozszyfrowa\u0107 niekt\u00f3rych bohater\u00f3w. S\u0105 to bowiem na og\u00f3\u0142 bywalcy pensjonatu pod E\u0142kiem, kt\u00f3ry przez wiele lat ma\u0142\u017ce\u0144stwo Nasierowska\u00a0&#8211; Majewski z wielkim\u00a0sukcesem prowadzili.<br \/>\nCo ambitniejszym czytelnikom, kt\u00f3rzy jak np. ja, b\u0119d\u0105 chcieli gotowa\u0107 to, co Majewski opisuje, radz\u0119 si\u0119gn\u0105\u0107 po kt\u00f3r\u0105\u015b z ksi\u0105\u017cek kulinarnych tej pary autor\u00f3w. Ja je mam na p\u00f3\u0142ce i cz\u0119sto po nie si\u0119gam. Zawsze gwarantowa\u0142y sukces towarzyski.<\/p>\n","protected":false},"excerpt":{"rendered":"<p>Ksi\u0105\u017cki Moniki S. znane s\u0105 sporej grupie smakoszy i ciesz\u0105 si\u0119 \u015bwietn\u0105 opini\u0105. My\u015bl\u0119, \u017ce kolejne (a s\u0105 w &#8222;produkcji&#8221;) b\u0119d\u0105 jeszcze atrakcyjniejsz\u0105 lektur\u0105. Ma bowiem autorka siln\u0105 konkurencj\u0119. I to nie tylko damsk\u0105. Oto na rynku ksi\u0119garskim ukaza\u0142a si\u0119 ksi\u0105\u017cka Janusza Majewskiego &#8222;Zima w Siedlisku&#8221;. To druga cz\u0119\u015b\u0107 powie\u015bci &#8222;Siedlisko&#8221; napisanej przez \u017con\u0119 re\u017cysera, [&hellip;]<\/p>\n","protected":false},"author":2,"featured_media":0,"comment_status":"open","ping_status":"open","sticky":false,"template":"","format":"standard","meta":{"footnotes":""},"categories":[1],"tags":[],"_links":{"self":[{"href":"https:\/\/blog.polityka.pl\/adamczewski\/wp-json\/wp\/v2\/posts\/5420"}],"collection":[{"href":"https:\/\/blog.polityka.pl\/adamczewski\/wp-json\/wp\/v2\/posts"}],"about":[{"href":"https:\/\/blog.polityka.pl\/adamczewski\/wp-json\/wp\/v2\/types\/post"}],"author":[{"embeddable":true,"href":"https:\/\/blog.polityka.pl\/adamczewski\/wp-json\/wp\/v2\/users\/2"}],"replies":[{"embeddable":true,"href":"https:\/\/blog.polityka.pl\/adamczewski\/wp-json\/wp\/v2\/comments?post=5420"}],"version-history":[{"count":3,"href":"https:\/\/blog.polityka.pl\/adamczewski\/wp-json\/wp\/v2\/posts\/5420\/revisions"}],"predecessor-version":[{"id":5423,"href":"https:\/\/blog.polityka.pl\/adamczewski\/wp-json\/wp\/v2\/posts\/5420\/revisions\/5423"}],"wp:attachment":[{"href":"https:\/\/blog.polityka.pl\/adamczewski\/wp-json\/wp\/v2\/media?parent=5420"}],"wp:term":[{"taxonomy":"category","embeddable":true,"href":"https:\/\/blog.polityka.pl\/adamczewski\/wp-json\/wp\/v2\/categories?post=5420"},{"taxonomy":"post_tag","embeddable":true,"href":"https:\/\/blog.polityka.pl\/adamczewski\/wp-json\/wp\/v2\/tags?post=5420"}],"curies":[{"name":"wp","href":"https:\/\/api.w.org\/{rel}","templated":true}]}}