
{"id":5595,"date":"2012-11-14T08:00:07","date_gmt":"2012-11-14T07:00:07","guid":{"rendered":"http:\/\/adamczewski.blog.polityka.pl\/?p=5595"},"modified":"2012-11-14T09:21:00","modified_gmt":"2012-11-14T08:21:00","slug":"koszykowa-pachnaca-lawenda","status":"publish","type":"post","link":"https:\/\/blog.polityka.pl\/adamczewski\/2012\/11\/14\/koszykowa-pachnaca-lawenda\/","title":{"rendered":"Koszykowa pachn\u0105ca lawend\u0105"},"content":{"rendered":"<p>Przez kilka lat\u00a0&#8211; chyba a\u017c sze\u015b\u0107\u00a0&#8211; tu nie by\u0142em. Ostatnio przeczyta\u0142em, \u017ce lokal przeszed\u0142 gruntowny remont a i karta znacznie zosta\u0142a zmieniona. R\u00f3wnocze\u015bnie wr\u00f3ci\u0142y do mnie wspomnienia pi\u0119knie pachn\u0105cych i wabi\u0105cych fioletowo-purpurow\u0105 barw\u0105 p\u00f3l lawendowych wi\u0119c zam\u00f3wi\u0142em stolika na kolacj\u0119 w Prowansji. I nie \u017ca\u0142uj\u0119.<br \/>\nNiewielki lokal z sympatyczn\u0105 antresol\u0105, z kt\u00f3rej mo\u017cna obserwowa\u0107 wszystkich nowych go\u015bci, w odnowionej szacie przypomina ma\u0142e prowansalskie restauracyjki. \u015aciany z go\u0142ych cegie\u0142 lekko ma\u017ani\u0119tych farb\u0105, proste meble acz bardzo wygodne pozwalaj\u0105 siedzie\u0107 przy obiedzie lub kolacji przez d\u0142u\u017cszy czas i bez zm\u0119czenia.<br \/>\n<a href=\"\/wp-content\/uploads\/2012\/11\/winiarka-Saint-Emilion-Grand-Cru-2009.jpg\"><img loading=\"lazy\" decoding=\"async\" class=\"alignleft size-medium wp-image-5598\" title=\"winiarka Saint - Emilion Grand Cru 2009\" src=\"\/wp-content\/uploads\/2012\/11\/winiarka-Saint-Emilion-Grand-Cru-2009-178x300.jpg\" alt=\"\" width=\"178\" height=\"300\" srcset=\"\/adamczewski\/wp-content\/uploads\/2012\/11\/winiarka-Saint-Emilion-Grand-Cru-2009-178x300.jpg 178w, \/adamczewski\/wp-content\/uploads\/2012\/11\/winiarka-Saint-Emilion-Grand-Cru-2009.jpg 285w\" sizes=\"(max-width: 178px) 100vw, 178px\" \/><\/a>Obs\u0142uga fachowa i sympatyczna, nie nadskakuj\u0105ca lecz zjawiaj\u0105ca si\u0119 w ka\u017cdym momencie gdy go\u015b\u0107 potrzebuje rady lub pomocy. Karta da\u0144 niezbyt du\u017ca co \u015bwiadczy i\u017c dania b\u0119d\u0105 \u015bwie\u017co przyrz\u0105dzane a nie odgrzewane w mikrofalowej kuchence. Dobra karta win oferuj\u0105ca spory wyb\u00f3r nie tylko z po\u0142udnia Francji.<br \/>\n\u017babie udka w wersji prowansalskiej (32 z\u0142) by\u0142y najdelikatniejszym daniem jakie mia\u0142em w ustach od czasu wakacji sp\u0119dzonych w pobli\u017cu Carcassonne. Podobnie oceniam figi zapiekane w szynce parme\u0144skiej z serem ple\u015bniowym i suszonymi pomidorami (39 z\u0142).<br \/>\nNiew\u0105tpliwym popisem szefa kuchni by\u0142a kurka pieczona ze smardzami i warzywnym nadzieniem (65 z\u0142) oraz kr\u00f3lik duszony w musztardzie z Dijon (46 z\u0142).<br \/>\nProwansalski posi\u0142ek nie istnieje bez sa\u0142at. Jest ich kilka a ka\u017cda kusz\u0105ca (26\u00a0&#8211; 30 z\u0142). Warto wi\u0119c gdy jest si\u0119 w kilka os\u00f3b zam\u00f3wi\u0107 ich jak najwi\u0119cej i pozwoli\u0107 biesiadnikom si\u0119ga\u0107 do ka\u017cdej porcji.<br \/>\nKlasyczne desery czyli krem brule, sernik z mi\u0119t\u0105, tarta tatin i oczywi\u015bcie deska ser\u00f3w pozwalaj\u0105 zaspokoi\u0107 wszelkie zachcianki \u0142asuch\u00f3w.<br \/>\nWprawdzie fundator prowansalskiej kolacji odczuje pewien uszczerbek w portfelu ale i on sam i jego go\u015bcie wyjd\u0105 z lokalu przy Koszykowej w pe\u0142ni usatysfakcjonowani. Warszawa, ul. Koszykowa 1 (przy Placu na Rozdro\u017cu),\u00a0\u00a0 <a href=\"http:\/\/www.prowansja.pl\/\">www.prowansja.pl<\/a><\/p>\n","protected":false},"excerpt":{"rendered":"<p>Przez kilka lat\u00a0&#8211; chyba a\u017c sze\u015b\u0107\u00a0&#8211; tu nie by\u0142em. Ostatnio przeczyta\u0142em, \u017ce lokal przeszed\u0142 gruntowny remont a i karta znacznie zosta\u0142a zmieniona. R\u00f3wnocze\u015bnie wr\u00f3ci\u0142y do mnie wspomnienia pi\u0119knie pachn\u0105cych i wabi\u0105cych fioletowo-purpurow\u0105 barw\u0105 p\u00f3l lawendowych wi\u0119c zam\u00f3wi\u0142em stolika na kolacj\u0119 w Prowansji. I nie \u017ca\u0142uj\u0119. Niewielki lokal z sympatyczn\u0105 antresol\u0105, z kt\u00f3rej mo\u017cna obserwowa\u0107 wszystkich [&hellip;]<\/p>\n","protected":false},"author":2,"featured_media":0,"comment_status":"open","ping_status":"open","sticky":false,"template":"","format":"standard","meta":{"footnotes":""},"categories":[1],"tags":[],"_links":{"self":[{"href":"https:\/\/blog.polityka.pl\/adamczewski\/wp-json\/wp\/v2\/posts\/5595"}],"collection":[{"href":"https:\/\/blog.polityka.pl\/adamczewski\/wp-json\/wp\/v2\/posts"}],"about":[{"href":"https:\/\/blog.polityka.pl\/adamczewski\/wp-json\/wp\/v2\/types\/post"}],"author":[{"embeddable":true,"href":"https:\/\/blog.polityka.pl\/adamczewski\/wp-json\/wp\/v2\/users\/2"}],"replies":[{"embeddable":true,"href":"https:\/\/blog.polityka.pl\/adamczewski\/wp-json\/wp\/v2\/comments?post=5595"}],"version-history":[{"count":5,"href":"https:\/\/blog.polityka.pl\/adamczewski\/wp-json\/wp\/v2\/posts\/5595\/revisions"}],"predecessor-version":[{"id":5614,"href":"https:\/\/blog.polityka.pl\/adamczewski\/wp-json\/wp\/v2\/posts\/5595\/revisions\/5614"}],"wp:attachment":[{"href":"https:\/\/blog.polityka.pl\/adamczewski\/wp-json\/wp\/v2\/media?parent=5595"}],"wp:term":[{"taxonomy":"category","embeddable":true,"href":"https:\/\/blog.polityka.pl\/adamczewski\/wp-json\/wp\/v2\/categories?post=5595"},{"taxonomy":"post_tag","embeddable":true,"href":"https:\/\/blog.polityka.pl\/adamczewski\/wp-json\/wp\/v2\/tags?post=5595"}],"curies":[{"name":"wp","href":"https:\/\/api.w.org\/{rel}","templated":true}]}}