
{"id":5601,"date":"2012-11-15T08:00:12","date_gmt":"2012-11-15T07:00:12","guid":{"rendered":"http:\/\/adamczewski.blog.polityka.pl\/?p=5601"},"modified":"2012-11-15T09:08:25","modified_gmt":"2012-11-15T08:08:25","slug":"jeszcze-jest-pora-na-grzybobranie","status":"publish","type":"post","link":"https:\/\/blog.polityka.pl\/adamczewski\/2012\/11\/15\/jeszcze-jest-pora-na-grzybobranie\/","title":{"rendered":"Jeszcze jest pora na grzybobranie"},"content":{"rendered":"<p>W lesie wok\u00f3\u0142 mojego domu a tak\u017ce w ca\u0142ej gminie Zatory, pe\u0142no grzybiarzy. Zbieraj\u0105 g\u0142\u00f3wnie g\u0105ski ale i podgrzybki si\u0119 zdarzaj\u0105. Tak jest ta jesie\u0144. Slow Food wi\u0119c zd\u0105\u017cy\u0142 jeszcze przed zim\u0105. Oto tre\u015b\u0107 zaproszenia na przysz\u0142otygodniow\u0105 sobot\u0119:<br \/>\nKulinarna Akcja Bezpo\u015brednia!\u00a0<br \/>\nczyli Warszawskie Convivium Slow Food zaprasza na jesienne spotkanie &#8211; tematem b\u0119d\u0105<br \/>\n<a href=\"\/wp-content\/uploads\/2012\/11\/Borowik-suszony.jpg\"><img loading=\"lazy\" decoding=\"async\" class=\"aligncenter size-medium wp-image-5604\" title=\"OLYMPUS DIGITAL CAMERA\" src=\"\/wp-content\/uploads\/2012\/11\/Borowik-suszony-300x225.jpg\" alt=\"\" width=\"300\" height=\"225\" srcset=\"\/adamczewski\/wp-content\/uploads\/2012\/11\/Borowik-suszony-300x225.jpg 300w, \/adamczewski\/wp-content\/uploads\/2012\/11\/Borowik-suszony.jpg 640w\" sizes=\"(max-width: 300px) 100vw, 300px\" \/><\/a>GRZYBY (na fot. suszone borowiki)<\/p>\n<p>Czy jadalny jest fioletowy grzyb? Truj\u0105 i strasz\u0105, czy raduj\u0105 i fantastycznie smakuj\u0105?<br \/>\nJak jest tam, gdzie rosn\u0105 grzyby?<br \/>\nJak i co zbiera\u0107, gdzie kupowa\u0107 i dlaczego mo\u017cna si\u0119 ich nie ba\u0107. Czy grzyby te\u017c mo\u017cna oszuka\u0107?<br \/>\nSpr\u00f3bujemy fioletowych g\u0105s\u00f3wek i bia\u0142ych purchawek, dowiemy si\u0119 jak suszy\u0107, mrozi\u0107 i przetwarza\u0107 le\u015bne grzyby.<br \/>\nO grzybach opowiedz\u0105 Marta Wrzosek z Polskiego Towarzystwa Mykologicznego, Waldemar Tomaszewski prezes Las-B\u00f3r, Marcin Kr\u0119glicki restaurator oraz Piotr Adamczewski mi\u0142osnik grzyb\u00f3w.<br \/>\nPo spotkaniu grzybowy kiermasz.<\/p>\n<p>Termin: sobota 24 listopada, godzina 11.00<br \/>\nMiejsce: Restauracja Qchnia Artystyczna w Zamku Ujazdowskim, ul.Jazd\u00f3w 2 w Warszawie<br \/>\n(dojazd ulic\u0105 na ty\u0142ach Placu na Rozdro\u017cu, parking przy Centrum Sztuki Wsp\u00f3\u0142czesnej w Zamku Ujazdowskim)<br \/>\nWst\u0119p: 10 z\u0142, Cz\u0142onkowie Slow Food &#8211; 5 z\u0142<\/p>\n<p>UWAGA FILM &#8211; po imprezie zapraszamy na przedpremierowy seans filmu,<br \/>\nnad kt\u00f3rym Slow Food Warszawa obj\u0119\u0142o oficjalny patronat<br \/>\n&#8222;Tam, gdzie rosn\u0105 grzyby&#8221;<br \/>\nRe\u017c. Jason Cortlund, Julia Halperin; Polska \/ USA 2012; 93min<br \/>\nMiejsce: Kino.LAB w Zamku Ujazdowskim<br \/>\nSeanse: sobota, 24 listopada godz. 14:00 (tu\u017c po KAB) lub 19:20<br \/>\nbilety na seans w cenie 10z\u0142 (!) &#8211; tylko dla uczestnik\u00f3w Kulinarnej Akcji Bezpo\u015bredniej (<em>Fot. P. Adamczewski<\/em>)<\/p>\n","protected":false},"excerpt":{"rendered":"<p>W lesie wok\u00f3\u0142 mojego domu a tak\u017ce w ca\u0142ej gminie Zatory, pe\u0142no grzybiarzy. Zbieraj\u0105 g\u0142\u00f3wnie g\u0105ski ale i podgrzybki si\u0119 zdarzaj\u0105. Tak jest ta jesie\u0144. Slow Food wi\u0119c zd\u0105\u017cy\u0142 jeszcze przed zim\u0105. Oto tre\u015b\u0107 zaproszenia na przysz\u0142otygodniow\u0105 sobot\u0119: Kulinarna Akcja Bezpo\u015brednia!\u00a0 czyli Warszawskie Convivium Slow Food zaprasza na jesienne spotkanie &#8211; tematem b\u0119d\u0105 GRZYBY (na [&hellip;]<\/p>\n","protected":false},"author":2,"featured_media":0,"comment_status":"open","ping_status":"open","sticky":false,"template":"","format":"standard","meta":{"footnotes":""},"categories":[1],"tags":[],"_links":{"self":[{"href":"https:\/\/blog.polityka.pl\/adamczewski\/wp-json\/wp\/v2\/posts\/5601"}],"collection":[{"href":"https:\/\/blog.polityka.pl\/adamczewski\/wp-json\/wp\/v2\/posts"}],"about":[{"href":"https:\/\/blog.polityka.pl\/adamczewski\/wp-json\/wp\/v2\/types\/post"}],"author":[{"embeddable":true,"href":"https:\/\/blog.polityka.pl\/adamczewski\/wp-json\/wp\/v2\/users\/2"}],"replies":[{"embeddable":true,"href":"https:\/\/blog.polityka.pl\/adamczewski\/wp-json\/wp\/v2\/comments?post=5601"}],"version-history":[{"count":6,"href":"https:\/\/blog.polityka.pl\/adamczewski\/wp-json\/wp\/v2\/posts\/5601\/revisions"}],"predecessor-version":[{"id":5616,"href":"https:\/\/blog.polityka.pl\/adamczewski\/wp-json\/wp\/v2\/posts\/5601\/revisions\/5616"}],"wp:attachment":[{"href":"https:\/\/blog.polityka.pl\/adamczewski\/wp-json\/wp\/v2\/media?parent=5601"}],"wp:term":[{"taxonomy":"category","embeddable":true,"href":"https:\/\/blog.polityka.pl\/adamczewski\/wp-json\/wp\/v2\/categories?post=5601"},{"taxonomy":"post_tag","embeddable":true,"href":"https:\/\/blog.polityka.pl\/adamczewski\/wp-json\/wp\/v2\/tags?post=5601"}],"curies":[{"name":"wp","href":"https:\/\/api.w.org\/{rel}","templated":true}]}}