
{"id":581,"date":"2008-10-01T08:04:01","date_gmt":"2008-10-01T06:04:01","guid":{"rendered":"http:\/\/adamczewski.blog.polityka.pl\/?p=581"},"modified":"2008-09-29T16:05:26","modified_gmt":"2008-09-29T14:05:26","slug":"zgadnij-co-gotujemy101","status":"publish","type":"post","link":"https:\/\/blog.polityka.pl\/adamczewski\/2008\/10\/01\/zgadnij-co-gotujemy101\/","title":{"rendered":"Zgadnij co gotujemy?(101)"},"content":{"rendered":"<p>Wakacje to ju\u017c przesz\u0142o\u015b\u0107. Wracamy do normalnego roboczego rytmu \u017cycia. Wracaj\u0105 wi\u0119c i \u015brodowe zgadywanki. Na pocz\u0105tek nagrody nie b\u0119d\u0105 kulinarne. Musimy poczeka\u0107 a\u017c &#8211; za kilka tygodni &#8211; wyjd\u0105 nasze kolejne ksi\u0105\u017cki dla smakoszy. A tymczasem zwyci\u0119zcy b\u0119d\u0105 musieli zadowoli\u0107 si\u0119 krymina\u0142ami wydawanymi pod patronatem &#8222;Polityki&#8221; oraz innymi gad\u017cetami z logo naszej redakcji. No to zaczynamy:<\/p>\n<p><strong>1<\/strong>. Jak si\u0119 nazywa\u0142 chi\u0144ski cesarz, kt\u00f3remu przypisuje si\u0119 odkrycie i spopularyzowanie herbaty?<\/p>\n<p><strong>2<\/strong>. Ziarno kakaowe by\u0142o w \u015bredniowieczu w krajach Ameryki \u015arodkowej tak\u017ce monet\u0105 obiegow\u0105. Kiedy pieni\u0105dze ca\u0142kowicie wypar\u0142y ten smakowity \u015brodek p\u0142atniczy?<\/p>\n<p><strong>3<\/strong>. Jak si\u0119 nazywa\u0142 papie\u017c, dzi\u0119ki kt\u00f3remu kawa nie zosta\u0142a zakazana przez Ko\u015bci\u00f3\u0142 jako nap\u00f3j szatana?<\/p>\n<p>***<\/p>\n<p>Kto pierwszy przy\u015ble prawid\u0142owe odpowiedzi na wszystkie trzy pytania na adres <a href=\"mailto:internet@polityka.com.pl\" target=\"_blank\"><strong>internet@polityka.com.pl<\/strong><\/a> &#8211; otrzyma pierwsz\u0105 w nowym sezonie nagrod\u0119 w postaci ksi\u0105\u017cki i tzw. smyczy na klucze. Powodzenia!<\/p>\n","protected":false},"excerpt":{"rendered":"<p>Wakacje to ju\u017c przesz\u0142o\u015b\u0107. Wracamy do normalnego roboczego rytmu \u017cycia. Wracaj\u0105 wi\u0119c i \u015brodowe zgadywanki. Na pocz\u0105tek nagrody nie b\u0119d\u0105 kulinarne. Musimy poczeka\u0107 a\u017c &#8211; za kilka tygodni &#8211; wyjd\u0105 nasze kolejne ksi\u0105\u017cki dla smakoszy. A tymczasem zwyci\u0119zcy b\u0119d\u0105 musieli zadowoli\u0107 si\u0119 krymina\u0142ami wydawanymi pod patronatem &#8222;Polityki&#8221; oraz innymi gad\u017cetami z logo naszej redakcji. No [&hellip;]<\/p>\n","protected":false},"author":2,"featured_media":0,"comment_status":"open","ping_status":"open","sticky":false,"template":"","format":"standard","meta":{"footnotes":""},"categories":[1],"tags":[],"_links":{"self":[{"href":"https:\/\/blog.polityka.pl\/adamczewski\/wp-json\/wp\/v2\/posts\/581"}],"collection":[{"href":"https:\/\/blog.polityka.pl\/adamczewski\/wp-json\/wp\/v2\/posts"}],"about":[{"href":"https:\/\/blog.polityka.pl\/adamczewski\/wp-json\/wp\/v2\/types\/post"}],"author":[{"embeddable":true,"href":"https:\/\/blog.polityka.pl\/adamczewski\/wp-json\/wp\/v2\/users\/2"}],"replies":[{"embeddable":true,"href":"https:\/\/blog.polityka.pl\/adamczewski\/wp-json\/wp\/v2\/comments?post=581"}],"version-history":[{"count":0,"href":"https:\/\/blog.polityka.pl\/adamczewski\/wp-json\/wp\/v2\/posts\/581\/revisions"}],"wp:attachment":[{"href":"https:\/\/blog.polityka.pl\/adamczewski\/wp-json\/wp\/v2\/media?parent=581"}],"wp:term":[{"taxonomy":"category","embeddable":true,"href":"https:\/\/blog.polityka.pl\/adamczewski\/wp-json\/wp\/v2\/categories?post=581"},{"taxonomy":"post_tag","embeddable":true,"href":"https:\/\/blog.polityka.pl\/adamczewski\/wp-json\/wp\/v2\/tags?post=581"}],"curies":[{"name":"wp","href":"https:\/\/api.w.org\/{rel}","templated":true}]}}