
{"id":591,"date":"2008-10-15T08:00:57","date_gmt":"2008-10-15T06:00:57","guid":{"rendered":"http:\/\/adamczewski.blog.polityka.pl\/?p=591"},"modified":"2008-10-15T08:36:54","modified_gmt":"2008-10-15T06:36:54","slug":"zgadnij-co-gotujemy-103","status":"publish","type":"post","link":"https:\/\/blog.polityka.pl\/adamczewski\/2008\/10\/15\/zgadnij-co-gotujemy-103\/","title":{"rendered":"Zgadnij co gotujemy? (103)"},"content":{"rendered":"<p>\u015aroda to dzie\u0144 wysi\u0142ku umys\u0142owego. I odrobiny hazardu. Utrzymujemy ten obyczaj. Zw\u0142aszcza, \u017ce jeszcze mam kilka ksi\u0105\u017cek kryminalnych niez\u0142ych autor\u00f3w wydanych przez znan\u0105 oficyn\u0119 W.A.B. pod patronatem &#8222;Polityki&#8221;, a tak\u017ce p\u0142yty z muzyk\u0105 powa\u017cn\u0105 i rozrywkow\u0105 w wykonaniu laureat\u00f3w Paszport\u00f3w oraz smycze (Uwaga!Bobiku!) z logo tygodnika. Ruszamy wi\u0119c do zabawy.<\/p>\n<p>1. Co oznacza napis &#8222;riserva&#8221; umieszczany na etykietach butelek z winem w\u0142oskim?<br \/>\n2. Ile litr\u00f3w wina mie\u015bci klasyczna beczka, w kt\u00f3rej trunek le\u017cakuje?<br \/>\n3. Dlaczego winiarze coraz cz\u0119\u015bciej odchodz\u0105 od zamykania butelek korkiem i stosuj\u0105 metalowe zakr\u0119tki?<\/p>\n<p>Teraz szybka praca umys\u0142owa i do komputera marsz! Na odpowiedzi czekam pod sta\u0142ym adresem:\u00a0 <strong>internet@polityka.com.pl<\/strong> Bezb\u0142\u0119dne odpowiedzi b\u0119d\u0105 nagrodzone w kolejno\u015bci nadsy\u0142ania.<\/p>\n","protected":false},"excerpt":{"rendered":"<p>\u015aroda to dzie\u0144 wysi\u0142ku umys\u0142owego. I odrobiny hazardu. Utrzymujemy ten obyczaj. Zw\u0142aszcza, \u017ce jeszcze mam kilka ksi\u0105\u017cek kryminalnych niez\u0142ych autor\u00f3w wydanych przez znan\u0105 oficyn\u0119 W.A.B. pod patronatem &#8222;Polityki&#8221;, a tak\u017ce p\u0142yty z muzyk\u0105 powa\u017cn\u0105 i rozrywkow\u0105 w wykonaniu laureat\u00f3w Paszport\u00f3w oraz smycze (Uwaga!Bobiku!) z logo tygodnika. Ruszamy wi\u0119c do zabawy. 1. Co oznacza napis &#8222;riserva&#8221; [&hellip;]<\/p>\n","protected":false},"author":2,"featured_media":0,"comment_status":"open","ping_status":"open","sticky":false,"template":"","format":"standard","meta":{"footnotes":""},"categories":[1],"tags":[],"_links":{"self":[{"href":"https:\/\/blog.polityka.pl\/adamczewski\/wp-json\/wp\/v2\/posts\/591"}],"collection":[{"href":"https:\/\/blog.polityka.pl\/adamczewski\/wp-json\/wp\/v2\/posts"}],"about":[{"href":"https:\/\/blog.polityka.pl\/adamczewski\/wp-json\/wp\/v2\/types\/post"}],"author":[{"embeddable":true,"href":"https:\/\/blog.polityka.pl\/adamczewski\/wp-json\/wp\/v2\/users\/2"}],"replies":[{"embeddable":true,"href":"https:\/\/blog.polityka.pl\/adamczewski\/wp-json\/wp\/v2\/comments?post=591"}],"version-history":[{"count":0,"href":"https:\/\/blog.polityka.pl\/adamczewski\/wp-json\/wp\/v2\/posts\/591\/revisions"}],"wp:attachment":[{"href":"https:\/\/blog.polityka.pl\/adamczewski\/wp-json\/wp\/v2\/media?parent=591"}],"wp:term":[{"taxonomy":"category","embeddable":true,"href":"https:\/\/blog.polityka.pl\/adamczewski\/wp-json\/wp\/v2\/categories?post=591"},{"taxonomy":"post_tag","embeddable":true,"href":"https:\/\/blog.polityka.pl\/adamczewski\/wp-json\/wp\/v2\/tags?post=591"}],"curies":[{"name":"wp","href":"https:\/\/api.w.org\/{rel}","templated":true}]}}