
{"id":596,"date":"2008-10-22T08:00:49","date_gmt":"2008-10-22T06:00:49","guid":{"rendered":"http:\/\/adamczewski.blog.polityka.pl\/?p=596"},"modified":"2008-10-22T08:00:49","modified_gmt":"2008-10-22T06:00:49","slug":"104-zgadnij-co-gotujemy104","status":"publish","type":"post","link":"https:\/\/blog.polityka.pl\/adamczewski\/2008\/10\/22\/104-zgadnij-co-gotujemy104\/","title":{"rendered":"104 Zgadnij co gotujemy?(104)"},"content":{"rendered":"<p>I znowu \u015broda &#8211; dzie\u0144 lekkiej pracy umys\u0142owej. Bez zm\u0119czenia odpowiecie na trzy pytania a w zamian otrzymacie krymina\u0142 wydany pod patronatem mojej redakcji, dwie p\u0142yty z nagraniami Paszport\u00f3w Polityki i smycz na klucze b\u0105d\u017a kluczyki, te\u017c z logo &#8222;Polityki&#8221;. Oto pytania:<\/p>\n<p>1. Oliwa jest pyszna ale &#8211; jak twierdz\u0105 lekarze &#8211; chroni tak\u017ce przed r\u00f3\u017cnymi chorobami. Jakimi?<br \/>\n2. Czy oliwki zerwane wprost z drzewa s\u0105 smaczne?<br \/>\n3. Dlaczego jedne oliwki s\u0105 czarne a inne zielone?<\/p>\n<p>Tyle i tylko tyle. A w ustach mam \u015bwie\u017cy smak oliwy z ostatniej podr\u00f3\u017cy do W\u0142och. Jest delikatna i aromatyczna. Wystarczy mi jej na par\u0119 tygodni. A teraz czekam na odpowiedzi pod adresem internet@polityka.com.pl\u00a0 i szykuj\u0119 ju\u017c nagrody do wys\u0142ania.<\/p>\n","protected":false},"excerpt":{"rendered":"<p>I znowu \u015broda &#8211; dzie\u0144 lekkiej pracy umys\u0142owej. Bez zm\u0119czenia odpowiecie na trzy pytania a w zamian otrzymacie krymina\u0142 wydany pod patronatem mojej redakcji, dwie p\u0142yty z nagraniami Paszport\u00f3w Polityki i smycz na klucze b\u0105d\u017a kluczyki, te\u017c z logo &#8222;Polityki&#8221;. Oto pytania: 1. Oliwa jest pyszna ale &#8211; jak twierdz\u0105 lekarze &#8211; chroni tak\u017ce przed [&hellip;]<\/p>\n","protected":false},"author":2,"featured_media":0,"comment_status":"open","ping_status":"open","sticky":false,"template":"","format":"standard","meta":{"footnotes":""},"categories":[1],"tags":[],"_links":{"self":[{"href":"https:\/\/blog.polityka.pl\/adamczewski\/wp-json\/wp\/v2\/posts\/596"}],"collection":[{"href":"https:\/\/blog.polityka.pl\/adamczewski\/wp-json\/wp\/v2\/posts"}],"about":[{"href":"https:\/\/blog.polityka.pl\/adamczewski\/wp-json\/wp\/v2\/types\/post"}],"author":[{"embeddable":true,"href":"https:\/\/blog.polityka.pl\/adamczewski\/wp-json\/wp\/v2\/users\/2"}],"replies":[{"embeddable":true,"href":"https:\/\/blog.polityka.pl\/adamczewski\/wp-json\/wp\/v2\/comments?post=596"}],"version-history":[{"count":0,"href":"https:\/\/blog.polityka.pl\/adamczewski\/wp-json\/wp\/v2\/posts\/596\/revisions"}],"wp:attachment":[{"href":"https:\/\/blog.polityka.pl\/adamczewski\/wp-json\/wp\/v2\/media?parent=596"}],"wp:term":[{"taxonomy":"category","embeddable":true,"href":"https:\/\/blog.polityka.pl\/adamczewski\/wp-json\/wp\/v2\/categories?post=596"},{"taxonomy":"post_tag","embeddable":true,"href":"https:\/\/blog.polityka.pl\/adamczewski\/wp-json\/wp\/v2\/tags?post=596"}],"curies":[{"name":"wp","href":"https:\/\/api.w.org\/{rel}","templated":true}]}}