
{"id":600,"date":"2008-10-29T08:00:17","date_gmt":"2008-10-29T06:00:17","guid":{"rendered":"http:\/\/adamczewski.blog.polityka.pl\/?p=600"},"modified":"2008-10-29T08:00:17","modified_gmt":"2008-10-29T06:00:17","slug":"zgadnij-co-gotujemy105","status":"publish","type":"post","link":"https:\/\/blog.polityka.pl\/adamczewski\/2008\/10\/29\/zgadnij-co-gotujemy105\/","title":{"rendered":"Zgadnij co gotujemy?(105)"},"content":{"rendered":"<p>Na Kurpiach by\u0142y resztki s\u0142o\u0144ca a wiatr nie taki bardzo przenikliwy. Da\u0142o si\u0119 spacerowa\u0107 po lesie (tam wr\u0119cz zacisznie) i po nadnarwia\u0144skich \u0142\u0119gach. Tu i \u00f3wdzie widzia\u0142em zio\u0142a i jagody prosz\u0105ce si\u0119 o zerwanie. No to przynios\u0142em do domu p\u0119k zielsk do ususzenia i troch\u0119 innych osobliwo\u015bci. B\u0119d\u0105 w zim\u0119 na kaszel lub niestrawno\u015b\u0107. No i ju\u017c wiecie czego b\u0119d\u0105 dotyczy\u0107 pytania dzisiejszego quizu.<\/p>\n<p>1. Olejek z tej ro\u015bliny dzia\u0142a antydepresyjnie, napar z ro\u015bliny zwalcza paso\u017cyty jelit oraz pomaga przy schorzeniach w\u0105troby i na sko\u0142atane nerwy. \u017b\u00f3\u0142te charakterystyczne kwiatki rosn\u0105 na wysokich wysmuk\u0142ych i zielonych \u0142ody\u017ckach. Co to jest?<\/p>\n<p>2. Surowe owoce doskona\u0142e s\u0105 na wzd\u0119cia, a suszone doskona\u0142e przy robieniu nalewek oraz podczas pieczenia dziczyzny. Charakterystyczne krzewy broni\u0105 dost\u0119pu do owoc\u00f3w (czarne ma\u0142e kulki) k\u0142uj\u0105c niemi\u0142osiernie. Mowa o??<\/p>\n<p>3. Na bia\u0142e kwiaty tego krzewu ju\u017c za p\u00f3\u017ano ale granatowe kulki owoc\u00f3w wisz\u0105 g\u0119sto. Najlepiej je zrywa\u0107 po pierwszych przymrozkach. Pyszne z nich konfitury i nalewki. Dzia\u0142aj\u0105 rozkurczowo, pomagaj\u0105 w procesie trawienia, dzia\u0142aj\u0105 te\u017c przeczyszczaj\u0105co. To??<\/p>\n<p>Kto pierwszy prze\u015ble odpowiedzi na adres internet@polityka.com.pl\u00a0 ten otrzyma ksi\u0105\u017ck\u0119 &#8211; powie\u015b\u0107 kryminaln\u0105 z serii wydawnictw &#8222;Polityki&#8221;, dwie p\u0142yty z nagraniami laureat\u00f3w Paszport\u00f3w i smycz do kluczy z logo tygodnika. Paczka ju\u017c czeka.<\/p>\n","protected":false},"excerpt":{"rendered":"<p>Na Kurpiach by\u0142y resztki s\u0142o\u0144ca a wiatr nie taki bardzo przenikliwy. Da\u0142o si\u0119 spacerowa\u0107 po lesie (tam wr\u0119cz zacisznie) i po nadnarwia\u0144skich \u0142\u0119gach. Tu i \u00f3wdzie widzia\u0142em zio\u0142a i jagody prosz\u0105ce si\u0119 o zerwanie. No to przynios\u0142em do domu p\u0119k zielsk do ususzenia i troch\u0119 innych osobliwo\u015bci. B\u0119d\u0105 w zim\u0119 na kaszel lub niestrawno\u015b\u0107. No [&hellip;]<\/p>\n","protected":false},"author":2,"featured_media":0,"comment_status":"open","ping_status":"open","sticky":false,"template":"","format":"standard","meta":{"footnotes":""},"categories":[1],"tags":[],"_links":{"self":[{"href":"https:\/\/blog.polityka.pl\/adamczewski\/wp-json\/wp\/v2\/posts\/600"}],"collection":[{"href":"https:\/\/blog.polityka.pl\/adamczewski\/wp-json\/wp\/v2\/posts"}],"about":[{"href":"https:\/\/blog.polityka.pl\/adamczewski\/wp-json\/wp\/v2\/types\/post"}],"author":[{"embeddable":true,"href":"https:\/\/blog.polityka.pl\/adamczewski\/wp-json\/wp\/v2\/users\/2"}],"replies":[{"embeddable":true,"href":"https:\/\/blog.polityka.pl\/adamczewski\/wp-json\/wp\/v2\/comments?post=600"}],"version-history":[{"count":0,"href":"https:\/\/blog.polityka.pl\/adamczewski\/wp-json\/wp\/v2\/posts\/600\/revisions"}],"wp:attachment":[{"href":"https:\/\/blog.polityka.pl\/adamczewski\/wp-json\/wp\/v2\/media?parent=600"}],"wp:term":[{"taxonomy":"category","embeddable":true,"href":"https:\/\/blog.polityka.pl\/adamczewski\/wp-json\/wp\/v2\/categories?post=600"},{"taxonomy":"post_tag","embeddable":true,"href":"https:\/\/blog.polityka.pl\/adamczewski\/wp-json\/wp\/v2\/tags?post=600"}],"curies":[{"name":"wp","href":"https:\/\/api.w.org\/{rel}","templated":true}]}}