
{"id":613,"date":"2008-11-05T08:00:10","date_gmt":"2008-11-05T06:00:10","guid":{"rendered":"http:\/\/adamczewski.blog.polityka.pl\/?p=613"},"modified":"2008-11-05T11:19:40","modified_gmt":"2008-11-05T10:19:40","slug":"zgadnij-co-gotujemy106","status":"publish","type":"post","link":"https:\/\/blog.polityka.pl\/adamczewski\/2008\/11\/05\/zgadnij-co-gotujemy106\/","title":{"rendered":"Zgadnij co gotujemy?(106)"},"content":{"rendered":"<p>Szybkimi krokami zbli\u017ca si\u0119 sezon \u015bwi\u0105teczny. \u015awi\u0119ta pa\u0144stwowe goni\u0105 \u015bwi\u0119ta ko\u015bcielne. Ostatni kwarta\u0142 pod tym wzgl\u0119dem (tak jak i prze\u0142om roku) jest bardzo bogaty w dni pe\u0142ne lenistwa i ob\u017carstwa. Niekt\u00f3re \u015bwi\u0119ta \u0142\u0105cz\u0105 si\u0119 z konkretnymi daniami. Spr\u00f3bujemy sobie dzi\u015b o nich przypomnie\u0107.<\/p>\n<p>1. Dzie\u0144 \u015awi\u0119tego Marcina w Poznaniu czci si\u0119 rogalami marci\u0144skimi a w ca\u0142ej Polsce innym daniem\u00a0&#8211; a jakim?<br \/>\n2. Obyczaje wigilijne r\u00f3\u017cne s\u0105 w r\u00f3\u017cnych regionach Polski ale na ka\u017cdym stole znale\u017a\u0107 mo\u017cna ryb\u0119, kt\u00f3ra w\u0142a\u015bnie w t\u0119 noc piecze si\u0119 we wszystkich chyba piekarnikach\u00a0&#8211; co to za ryba?<br \/>\n3. \u015awi\u0119to Trzech Kr\u00f3li te\u017c ma sw\u00f3j kulinarny obyczaj. W wielu domach przy stole wybiera si\u0119 Kr\u00f3la, kt\u00f3rego nazwa wywodzi si\u0119 od \u015bwi\u0105tecznego ciasteczka podawanego w wiecz\u00f3r 6 stycznia\u00a0&#8211; co to za ciasteczko?<br \/>\nJak zwykle kto pierwszy przy\u015ble prawid\u0142owe odpowiedzi ten otrzyma trzy upominki: krymina\u0142 wydany pod patronatem &#8222;Polityki&#8221;, dwie p\u0142yty z nagraniami laureat\u00f3w tygodnika i smycz do kluczy z logo naszej gazety. A adres jak zwykle: <a href=\"mailto:internet@polityka.com.pl\"><strong>internet@polityka.com.pl<\/strong><\/a> \u00a0 Powodzenia.<\/p>\n<p>PS.<br \/>\nDzi\u015b dla urozmaicenia pustego zwykle wpisu z zagadkami dodaj\u0119 zdj\u0119cia prezentuj\u0105ce Pani\u0105 Ren\u0119, kt\u00f3ra podczas krakowski Targ\u00f3w Ksi\u0105\u017cki obdarowa\u0142a nas starymi ksi\u0119gami kulinarnymi u\u017cywanymi w Jej domu od pokole\u0144. Pokaza\u0142a te\u017c bardzo star\u0105 i ozdobn\u0105 wyciskark\u0119 do cytrus\u00f3w. Patrzyli\u015bmy na ni\u0105 z zazdro\u015bci\u0105. Popatrzcie i Wy.<\/p>\n<p><a href=\"\/wp-content\/uploads\/2008\/11\/krakow-targi-i-pani-z-daramiimg_0123.jpg\"><img loading=\"lazy\" decoding=\"async\" class=\"alignnone size-medium wp-image-614\" title=\"krakow-targi-i-pani-z-daramiimg_0123\" src=\"\/wp-content\/uploads\/2008\/11\/krakow-targi-i-pani-z-daramiimg_0123-300x225.jpg\" alt=\"\" width=\"300\" height=\"225\" srcset=\"\/adamczewski\/wp-content\/uploads\/2008\/11\/krakow-targi-i-pani-z-daramiimg_0123-300x225.jpg 300w, \/adamczewski\/wp-content\/uploads\/2008\/11\/krakow-targi-i-pani-z-daramiimg_0123.jpg 450w\" sizes=\"(max-width: 300px) 100vw, 300px\" \/><\/a><\/p>\n<p><a href=\"\/wp-content\/uploads\/2008\/11\/krakow-targi-wyciskarkadsc_5652.jpg\"><img loading=\"lazy\" decoding=\"async\" class=\"alignnone size-medium wp-image-615\" title=\"krakow-targi-wyciskarkadsc_5652\" src=\"\/wp-content\/uploads\/2008\/11\/krakow-targi-wyciskarkadsc_5652-300x200.jpg\" alt=\"\" width=\"300\" height=\"200\" srcset=\"\/adamczewski\/wp-content\/uploads\/2008\/11\/krakow-targi-wyciskarkadsc_5652-300x200.jpg 300w, \/adamczewski\/wp-content\/uploads\/2008\/11\/krakow-targi-wyciskarkadsc_5652.jpg 450w\" sizes=\"(max-width: 300px) 100vw, 300px\" \/><\/a><\/p>\n","protected":false},"excerpt":{"rendered":"<p>Szybkimi krokami zbli\u017ca si\u0119 sezon \u015bwi\u0105teczny. \u015awi\u0119ta pa\u0144stwowe goni\u0105 \u015bwi\u0119ta ko\u015bcielne. Ostatni kwarta\u0142 pod tym wzgl\u0119dem (tak jak i prze\u0142om roku) jest bardzo bogaty w dni pe\u0142ne lenistwa i ob\u017carstwa. Niekt\u00f3re \u015bwi\u0119ta \u0142\u0105cz\u0105 si\u0119 z konkretnymi daniami. Spr\u00f3bujemy sobie dzi\u015b o nich przypomnie\u0107. 1. Dzie\u0144 \u015awi\u0119tego Marcina w Poznaniu czci si\u0119 rogalami marci\u0144skimi a w [&hellip;]<\/p>\n","protected":false},"author":2,"featured_media":0,"comment_status":"open","ping_status":"open","sticky":false,"template":"","format":"standard","meta":{"footnotes":""},"categories":[1],"tags":[],"_links":{"self":[{"href":"https:\/\/blog.polityka.pl\/adamczewski\/wp-json\/wp\/v2\/posts\/613"}],"collection":[{"href":"https:\/\/blog.polityka.pl\/adamczewski\/wp-json\/wp\/v2\/posts"}],"about":[{"href":"https:\/\/blog.polityka.pl\/adamczewski\/wp-json\/wp\/v2\/types\/post"}],"author":[{"embeddable":true,"href":"https:\/\/blog.polityka.pl\/adamczewski\/wp-json\/wp\/v2\/users\/2"}],"replies":[{"embeddable":true,"href":"https:\/\/blog.polityka.pl\/adamczewski\/wp-json\/wp\/v2\/comments?post=613"}],"version-history":[{"count":0,"href":"https:\/\/blog.polityka.pl\/adamczewski\/wp-json\/wp\/v2\/posts\/613\/revisions"}],"wp:attachment":[{"href":"https:\/\/blog.polityka.pl\/adamczewski\/wp-json\/wp\/v2\/media?parent=613"}],"wp:term":[{"taxonomy":"category","embeddable":true,"href":"https:\/\/blog.polityka.pl\/adamczewski\/wp-json\/wp\/v2\/categories?post=613"},{"taxonomy":"post_tag","embeddable":true,"href":"https:\/\/blog.polityka.pl\/adamczewski\/wp-json\/wp\/v2\/tags?post=613"}],"curies":[{"name":"wp","href":"https:\/\/api.w.org\/{rel}","templated":true}]}}