
{"id":622,"date":"2008-11-12T08:00:28","date_gmt":"2008-11-12T07:00:28","guid":{"rendered":"http:\/\/adamczewski.blog.polityka.pl\/?p=622"},"modified":"2008-11-09T12:57:25","modified_gmt":"2008-11-09T11:57:25","slug":"zgadnij-co-gotujemy107","status":"publish","type":"post","link":"https:\/\/blog.polityka.pl\/adamczewski\/2008\/11\/12\/zgadnij-co-gotujemy107\/","title":{"rendered":"Zgadnij co gotujemy?(107)"},"content":{"rendered":"<p>Ju\u017c po \u015bwi\u0119tach, cho\u0107 tak\u017ce i przed \u015bwi\u0119tami. Tu koniec roku straszy gie\u0142d\u0105, recesj\u0105, kryzysem a rodacy mocno si\u0119 rozdokazywali. Szcz\u0119\u015bliwie uda\u0142o si\u0119, \u017ce Trzej Kr\u00f3lowie kalendarzu figuruj\u0105 nadal na czarno a nie na czerwono. To\u017c ju\u017c by\u015bmy si\u0119 z tego \u015bwi\u0119towania nie podnie\u015bli. Oczywi\u015bcie z ob\u017carstwa prosz\u0119 Pa\u0144stwa, z ob\u017carstwa. No i z opilstwa tak\u017ce.<\/p>\n<p>\u0141atwo si\u0119 domy\u015ble\u0107, \u017ce dzisiejsze zagadki b\u0119d\u0105 obraca\u0142y si\u0119 wok\u00f3\u0142 tych w\u0142a\u015bnie rozpustnych temat\u00f3w.<br \/>\n1. Gruzini podaj\u0105 swym go\u015bciom wino w rogu, by toast spe\u0142niali do dna. A w czym podawano trunki w Polsce szlacheckiej aby zmusi\u0107 do picia do ostatniej kropli?<br \/>\n2. Gaw\u0119dzili\u015bmy tu kiedy\u015b przy okazji postu o przejezdnych porywanych z go\u015bci\u0144ca i sadzanych za pa\u0144ski st\u00f3\u0142 gdzie karmiono ich wr\u0119cz si\u0142\u0105 a\u017c do os\u0142abni\u0119cia. Zdarza\u0142y si\u0119 i zgony z przejedzenia. Opisa\u0142em w\u00f3wczas trzy takie s\u0142ynne (XVIII w.) magnackie domy &#8211; prosz\u0119 wymieni\u0107 cho\u0107 jeden z nich.<br \/>\n3. W mi\u0119dzywojennym dwudziestoleciu \u017cy\u0142 w Warszawie domoros\u0142y filozof, znawca literatury, smakosz nad smakosze, kt\u00f3ry przejad\u0142 i przepi\u0142 ojcowizn\u0119 czyli maj\u0105tek \u0141awy pod Ostro\u0142\u0119k\u0105. Przyja\u017anili si\u0119 z nim poeci, dramaturdzy, malarze kt\u00f3rych najpierw podejmowa\u0142 obficie gdy mia\u0142 pieni\u0105dze\u00a0a potem ob\u017cera\u0142 bez skrupu\u0142\u00f3w. Kto to by\u0142?<\/p>\n<p>Kto zna odpowiedzi i najszybciej przy\u015ble je na adres <a href=\"mailto:internet@polityka.com.pl\">internet@polityka.com.pl<\/a> \u00a0otrzyma jak zwykle nagrod\u0119 ksi\u0105\u017ckow\u0105, p\u0142ytow\u0105 i gad\u017cet z logo naszego tygodnika. Startuj\u0105cy w \u015brodowym quizie po raz pierwszy winni tak\u017ce podawa\u0107 adres pod kt\u00f3ry nale\u017cy wys\u0142a\u0107 nagrody. Czekam wi\u0119c.<\/p>\n","protected":false},"excerpt":{"rendered":"<p>Ju\u017c po \u015bwi\u0119tach, cho\u0107 tak\u017ce i przed \u015bwi\u0119tami. Tu koniec roku straszy gie\u0142d\u0105, recesj\u0105, kryzysem a rodacy mocno si\u0119 rozdokazywali. Szcz\u0119\u015bliwie uda\u0142o si\u0119, \u017ce Trzej Kr\u00f3lowie kalendarzu figuruj\u0105 nadal na czarno a nie na czerwono. To\u017c ju\u017c by\u015bmy si\u0119 z tego \u015bwi\u0119towania nie podnie\u015bli. Oczywi\u015bcie z ob\u017carstwa prosz\u0119 Pa\u0144stwa, z ob\u017carstwa. No i z opilstwa [&hellip;]<\/p>\n","protected":false},"author":2,"featured_media":0,"comment_status":"open","ping_status":"open","sticky":false,"template":"","format":"standard","meta":{"footnotes":""},"categories":[1],"tags":[],"_links":{"self":[{"href":"https:\/\/blog.polityka.pl\/adamczewski\/wp-json\/wp\/v2\/posts\/622"}],"collection":[{"href":"https:\/\/blog.polityka.pl\/adamczewski\/wp-json\/wp\/v2\/posts"}],"about":[{"href":"https:\/\/blog.polityka.pl\/adamczewski\/wp-json\/wp\/v2\/types\/post"}],"author":[{"embeddable":true,"href":"https:\/\/blog.polityka.pl\/adamczewski\/wp-json\/wp\/v2\/users\/2"}],"replies":[{"embeddable":true,"href":"https:\/\/blog.polityka.pl\/adamczewski\/wp-json\/wp\/v2\/comments?post=622"}],"version-history":[{"count":0,"href":"https:\/\/blog.polityka.pl\/adamczewski\/wp-json\/wp\/v2\/posts\/622\/revisions"}],"wp:attachment":[{"href":"https:\/\/blog.polityka.pl\/adamczewski\/wp-json\/wp\/v2\/media?parent=622"}],"wp:term":[{"taxonomy":"category","embeddable":true,"href":"https:\/\/blog.polityka.pl\/adamczewski\/wp-json\/wp\/v2\/categories?post=622"},{"taxonomy":"post_tag","embeddable":true,"href":"https:\/\/blog.polityka.pl\/adamczewski\/wp-json\/wp\/v2\/tags?post=622"}],"curies":[{"name":"wp","href":"https:\/\/api.w.org\/{rel}","templated":true}]}}