
{"id":6251,"date":"2013-02-21T08:00:21","date_gmt":"2013-02-21T07:00:21","guid":{"rendered":"http:\/\/adamczewski.blog.polityka.pl\/?p=6251"},"modified":"2013-02-19T12:09:11","modified_gmt":"2013-02-19T11:09:11","slug":"zima-ciagle-trzyma","status":"publish","type":"post","link":"https:\/\/blog.polityka.pl\/adamczewski\/2013\/02\/21\/zima-ciagle-trzyma\/","title":{"rendered":"Zima ci\u0105gle trzyma"},"content":{"rendered":"<p>Co jaki\u015b czas robimy rekonesans na wie\u015b. A tu nadal zima trzyma. I to mocno. Nie zawsze udaje si\u0119 dojecha\u0107 do samego domu i w\u00f3wczas parkujemy w zagrodzie najbli\u017cszych s\u0105siad\u00f3w i ostatnie sto metr\u00f3w w\u0119drujemy w \u015bniegu niemal po kolana. Na szcz\u0119\u015bcie furtki daj\u0105 si\u0119 otworzy\u0107 i po wej\u015bciu na nasze terytorium mo\u017cemy bawi\u0107 si\u0119 w tropicieli \u015blad\u00f3w.<\/p>\n<p><!--more--><br \/>\n<a href=\"\/wp-content\/uploads\/2013\/02\/Zima-w-\u0141\u0119cinie.jpg\"><img loading=\"lazy\" decoding=\"async\" class=\"aligncenter size-medium wp-image-6253\" title=\"OLYMPUS DIGITAL CAMERA\" src=\"\/wp-content\/uploads\/2013\/02\/Zima-w-\u0141\u0119cinie-300x225.jpg\" alt=\"\" width=\"300\" height=\"225\" srcset=\"\/adamczewski\/wp-content\/uploads\/2013\/02\/Zima-w-\u0141\u0119cinie-300x225.jpg 300w, \/adamczewski\/wp-content\/uploads\/2013\/02\/Zima-w-\u0141\u0119cinie.jpg 640w\" sizes=\"(max-width: 300px) 100vw, 300px\" \/><\/a><\/p>\n<p>Pokrywa \u015bnie\u017cna jest na ca\u0142ym terenie. Wyra\u017anie wida\u0107 \u015blady kopytek sarnich i zap\u0119tlone \u015bcie\u017cki lis\u00f3w. Odr\u00f3\u017cniamy te\u017c \u015blady zostawione przez zaj\u0105ce. Ale bywaj\u0105 te\u017c tropy nam nieznane. Ostatnio ca\u0142y dach poznaczony by\u0142 niedu\u017cymi \u0142apkami zwierzaka, kt\u00f3ry w\u0119drowa\u0142 w g\u00f3r\u0119 i w d\u00f3\u0142, od skraja do skraja. Wyra\u017anie czego\u015b szuka\u0142. Nie byli\u015bmy pewni kto tak hasa\u0142 po dachu i dopiero s\u0105siad nam wyja\u015bni\u0142. To \u0142asiczki szuka\u0142y jakiej\u015b szpary, by wej\u015b\u0107 i zamieszka\u0107 pod naszym dachem. Nasz cie\u015bla jednak remontuj\u0105cy dach w ubieg\u0142ym roku polikwidowa\u0142 wszelkie szczeliny. Dzi\u0119ki temu nie mamy sublokator\u00f3w. I to do\u015b\u0107 uci\u0105\u017cliwych, bo prowadz\u0105cych nocne \u017cycie i gromadz\u0105cych zapasy jedzenia, kt\u00f3re jest dla nich smako\u0142ykiem dopiero gdy zaczyna lekko gni\u0107.<br \/>\n<a href=\"\/wp-content\/uploads\/2013\/02\/Pod-\u015bniegiem.jpg\"><img loading=\"lazy\" decoding=\"async\" class=\"aligncenter size-medium wp-image-6254\" title=\"OLYMPUS DIGITAL CAMERA\" src=\"\/wp-content\/uploads\/2013\/02\/Pod-\u015bniegiem-300x225.jpg\" alt=\"\" width=\"300\" height=\"225\" srcset=\"\/adamczewski\/wp-content\/uploads\/2013\/02\/Pod-\u015bniegiem-300x225.jpg 300w, \/adamczewski\/wp-content\/uploads\/2013\/02\/Pod-\u015bniegiem.jpg 640w\" sizes=\"(max-width: 300px) 100vw, 300px\" \/><\/a><\/p>\n<p><em>Fot. P. Adamczewski<\/em><\/p>\n<p>Dowiedzieli\u015bmy si\u0119 przy okazji, \u017ce \u0142asiczki trudno wypatrzy\u0107 w zimie, bo zmieniaj\u0105 kolor futerka i s\u0105 \u015bnie\u017cnobia\u0142e. Nie by\u0142bym wi\u0119c w stanie ich sfotografowa\u0107 nawet gdyby siedzia\u0142y na dachu podczas naszej wizyty.<br \/>\nTaka wycieczka ma te\u017c\u00a0&#8211; opr\u00f3cz walor\u00f3w jakie nios\u0105 spotkania z przyrod\u0105\u00a0&#8211; elementy kulinarne. Zwykle po zagrzaniu domu do stanu pozwalaj\u0105cego zdj\u0105\u0107 kurtki siadamy do drugiego \u015bniadania. I mimo nieczynnego wodoci\u0105gu, zlewu i \u0142azienki udaje nam si\u0119 przygotowa\u0107 ma\u0142y acz smakowity posi\u0142ek. Wod\u0119 przynosimy od s\u0105siad\u00f3w. Gotujemy wi\u0119c herbat\u0119. Na elektrycznej kuchence za\u015b gotujemy pyszne par\u00f3wki. Do tego \u015bwie\u017cy i jeszcze czasem ciep\u0142y chleb z pu\u0142tuskiego Lidla. Czasem zamiast par\u00f3wek sma\u017cymy jajka sadzone przyniesione wprost z kurnika. \u015awie\u017ce powietrze, godzinny spacer z kijkami norweskimi po \u015bniegu i troch\u0119 prac porz\u0105dkowych wzmaga apetyt. Jemy wi\u0119c z wielk\u0105 przyjemno\u015bci\u0105.<br \/>\nPotem emocjonuj\u0105cy przejazd przez las po o\u015bnie\u017conej, zalodzonej i \u015bliskiej drodze. Dopiero od naszej wsi gminnej, po mini\u0119ciu pa\u0142acu Radziwi\u0142\u0142\u00f3w, droga poprawia si\u0119. A od skr\u0119tu na szos\u0119 Wyszk\u00f3w\u00a0&#8211; Serock nawierzchnia staje si\u0119 czarna i szorstka. Zimowy rajd dobiega ko\u0144ca.<br \/>\nI tak czekamy na pierwsze przejawy wiosny. Ale to jeszcze troch\u0119 czasu.<\/p>\n","protected":false},"excerpt":{"rendered":"<p>Co jaki\u015b czas robimy rekonesans na wie\u015b. A tu nadal zima trzyma. I to mocno. Nie zawsze udaje si\u0119 dojecha\u0107 do samego domu i w\u00f3wczas parkujemy w zagrodzie najbli\u017cszych s\u0105siad\u00f3w i ostatnie sto metr\u00f3w w\u0119drujemy w \u015bniegu niemal po kolana. Na szcz\u0119\u015bcie furtki daj\u0105 si\u0119 otworzy\u0107 i po wej\u015bciu na nasze terytorium mo\u017cemy bawi\u0107 si\u0119 [&hellip;]<\/p>\n","protected":false},"author":2,"featured_media":0,"comment_status":"open","ping_status":"closed","sticky":false,"template":"","format":"standard","meta":{"footnotes":""},"categories":[1],"tags":[],"_links":{"self":[{"href":"https:\/\/blog.polityka.pl\/adamczewski\/wp-json\/wp\/v2\/posts\/6251"}],"collection":[{"href":"https:\/\/blog.polityka.pl\/adamczewski\/wp-json\/wp\/v2\/posts"}],"about":[{"href":"https:\/\/blog.polityka.pl\/adamczewski\/wp-json\/wp\/v2\/types\/post"}],"author":[{"embeddable":true,"href":"https:\/\/blog.polityka.pl\/adamczewski\/wp-json\/wp\/v2\/users\/2"}],"replies":[{"embeddable":true,"href":"https:\/\/blog.polityka.pl\/adamczewski\/wp-json\/wp\/v2\/comments?post=6251"}],"version-history":[{"count":5,"href":"https:\/\/blog.polityka.pl\/adamczewski\/wp-json\/wp\/v2\/posts\/6251\/revisions"}],"predecessor-version":[{"id":6275,"href":"https:\/\/blog.polityka.pl\/adamczewski\/wp-json\/wp\/v2\/posts\/6251\/revisions\/6275"}],"wp:attachment":[{"href":"https:\/\/blog.polityka.pl\/adamczewski\/wp-json\/wp\/v2\/media?parent=6251"}],"wp:term":[{"taxonomy":"category","embeddable":true,"href":"https:\/\/blog.polityka.pl\/adamczewski\/wp-json\/wp\/v2\/categories?post=6251"},{"taxonomy":"post_tag","embeddable":true,"href":"https:\/\/blog.polityka.pl\/adamczewski\/wp-json\/wp\/v2\/tags?post=6251"}],"curies":[{"name":"wp","href":"https:\/\/api.w.org\/{rel}","templated":true}]}}