
{"id":632,"date":"2008-11-19T08:00:39","date_gmt":"2008-11-19T07:00:39","guid":{"rendered":"http:\/\/adamczewski.blog.polityka.pl\/?p=632"},"modified":"2008-11-12T12:22:51","modified_gmt":"2008-11-12T11:22:51","slug":"zgadnij-co-gotujemy108","status":"publish","type":"post","link":"https:\/\/blog.polityka.pl\/adamczewski\/2008\/11\/19\/zgadnij-co-gotujemy108\/","title":{"rendered":"Zgadnij co gotujemy?(108)"},"content":{"rendered":"<p>Wiemy ju\u017c jaka czeka przysz\u0142o\u015b\u0107 winiarzy: korki zostan\u0105 zast\u0105pione zakr\u0119tkami. Wczorajszy tekst i komentarze spowodowa\u0142y, \u017ce zag\u0142\u0119bi\u0142em si\u0119 w r\u00f3\u017cne opowie\u015bci dotycz\u0105ce wina. I tego w\u0142a\u015bnie b\u0119d\u0105 dotyczy\u0107 dzisiejsze pytania.<\/p>\n<p>1. Jednym z najs\u0142ynniejszych win niemieckich jest &#8222;Kabinett? &#8211; sk\u0105d ta nazwa?<br \/>\n2. Tokaj kojarzy si\u0119 mi\u0142o\u015bnikom wina z W\u0119grami czy s\u0105 jednak jeszcze inne krainy, w kt\u00f3rych produkowane s\u0105 wina o tej nazwie?<br \/>\n3. Route de Vin (Droga win) to nazwa jakiego szlaku oraz sk\u0105d i dok\u0105d on prowadzi?<\/p>\n<p>Kto pierwszy przy\u015ble trzy prawid\u0142owe odpowiedzi na adres internet@polityka.com.pl<br \/>\notrzyma w nagrod\u0119 ksi\u0105\u017ck\u0119 (krymina\u0142 wydany w kolekcji &#8222;Polityki?), dwie p\u0142yty z nagraniami laureat\u00f3w Paszport\u00f3w i smycz do kluczy z logo tygodnika.<\/p>\n","protected":false},"excerpt":{"rendered":"<p>Wiemy ju\u017c jaka czeka przysz\u0142o\u015b\u0107 winiarzy: korki zostan\u0105 zast\u0105pione zakr\u0119tkami. Wczorajszy tekst i komentarze spowodowa\u0142y, \u017ce zag\u0142\u0119bi\u0142em si\u0119 w r\u00f3\u017cne opowie\u015bci dotycz\u0105ce wina. I tego w\u0142a\u015bnie b\u0119d\u0105 dotyczy\u0107 dzisiejsze pytania. 1. Jednym z najs\u0142ynniejszych win niemieckich jest &#8222;Kabinett? &#8211; sk\u0105d ta nazwa? 2. Tokaj kojarzy si\u0119 mi\u0142o\u015bnikom wina z W\u0119grami czy s\u0105 jednak jeszcze inne [&hellip;]<\/p>\n","protected":false},"author":2,"featured_media":0,"comment_status":"open","ping_status":"open","sticky":false,"template":"","format":"standard","meta":{"footnotes":""},"categories":[1],"tags":[],"_links":{"self":[{"href":"https:\/\/blog.polityka.pl\/adamczewski\/wp-json\/wp\/v2\/posts\/632"}],"collection":[{"href":"https:\/\/blog.polityka.pl\/adamczewski\/wp-json\/wp\/v2\/posts"}],"about":[{"href":"https:\/\/blog.polityka.pl\/adamczewski\/wp-json\/wp\/v2\/types\/post"}],"author":[{"embeddable":true,"href":"https:\/\/blog.polityka.pl\/adamczewski\/wp-json\/wp\/v2\/users\/2"}],"replies":[{"embeddable":true,"href":"https:\/\/blog.polityka.pl\/adamczewski\/wp-json\/wp\/v2\/comments?post=632"}],"version-history":[{"count":0,"href":"https:\/\/blog.polityka.pl\/adamczewski\/wp-json\/wp\/v2\/posts\/632\/revisions"}],"wp:attachment":[{"href":"https:\/\/blog.polityka.pl\/adamczewski\/wp-json\/wp\/v2\/media?parent=632"}],"wp:term":[{"taxonomy":"category","embeddable":true,"href":"https:\/\/blog.polityka.pl\/adamczewski\/wp-json\/wp\/v2\/categories?post=632"},{"taxonomy":"post_tag","embeddable":true,"href":"https:\/\/blog.polityka.pl\/adamczewski\/wp-json\/wp\/v2\/tags?post=632"}],"curies":[{"name":"wp","href":"https:\/\/api.w.org\/{rel}","templated":true}]}}