
{"id":642,"date":"2008-11-26T08:00:33","date_gmt":"2008-11-26T07:00:33","guid":{"rendered":"http:\/\/adamczewski.blog.polityka.pl\/?p=642"},"modified":"2008-11-24T09:56:01","modified_gmt":"2008-11-24T08:56:01","slug":"zgadnij-co-gotujemy109","status":"publish","type":"post","link":"https:\/\/blog.polityka.pl\/adamczewski\/2008\/11\/26\/zgadnij-co-gotujemy109\/","title":{"rendered":"Zgadnij co gotujemy?(109)"},"content":{"rendered":"<p>Sezon \u0142owiecki w toku. Grzmi\u0105 dubelt\u00f3wki sztucery. Czasem \u0142upem pada zwierzyna a czasem i sam my\u015bliwy. Si\u0119gn\u0105\u0142em wi\u0119c po &#8222;Praktyczn\u0105 kuchni\u0119 my\u015bliwsk\u0105&#8221; pi\u00f3ra dr Grzegorza Russaka, kt\u00f3ry jest dla mnie wyroczni\u0105 w tych sprawach. Za czas\u00f3w gdy by\u0142 on dyrektorem Domu Polonii w Pu\u0142tusku w &#8222;Karmazynowej&#8221; i &#8222;Malinowej&#8221; (tak nazywaj\u0105 si\u0119 dwie restauracje w zamku pu\u0142tuskim) podawano najlepsz\u0105 dziczyzn\u0119 w tej cz\u0119\u015bci Europy. Russak teraz ogranicza si\u0119 do wyk\u0142ad\u00f3w w Wy\u017cszej Szkole Humanistycznej wi\u0119c i ja ograniczam si\u0119 do lektury jego ksi\u0105\u017cki, z kt\u00f3rej zaczerpn\u0119 dzisiejsze pytania.<\/p>\n<p>1. Narogi &#8211; co to takiego?<br \/>\n2. Od wiek\u00f3w my\u015bliwi po polowaniu i wypatroszeniu dzik\u00f3w przyrz\u0105dzaj\u0105 sma\u017cone na rozgrzanym t\u0142uszczu z cebulk\u0105, sol\u0105 i pieprzem pokrojone w plasterki\u00a0 klejnoty. Z jakiej cz\u0119\u015bci zwierzyny jest ta potrawa?<br \/>\n3. Kt\u00f3ry w\u0142adca by\u0142 tw\u00f3rc\u0105 urz\u0119d\u00f3w \u0142owieckich i podstaw prawa \u0142owieckiego w Polsce?<\/p>\n<p>Kto pierwszy przy\u015ble na adres <a href=\"mailto:internet@polityka.com.pl\">internet@polityka.com.pl<\/a> \u00a0prawid\u0142owe odpowiedzi na wszystkie pytania ten otrzyma wydan\u0105 przed paroma tygodniami ksi\u0105\u017ck\u0119\u00a0Franciszka Banaszewskiego &#8222;\u0141owy cena wyboru&#8221; przeznaczon\u0105\u00a0dla my\u015bliwych i ich gotuj\u0105cych przyjaci\u00f3\u0142. Podane w niej przepisy s\u0105 bardzo smakowite. Czekam wi\u0119c na odpowiedzi.<\/p>\n","protected":false},"excerpt":{"rendered":"<p>Sezon \u0142owiecki w toku. Grzmi\u0105 dubelt\u00f3wki sztucery. Czasem \u0142upem pada zwierzyna a czasem i sam my\u015bliwy. Si\u0119gn\u0105\u0142em wi\u0119c po &#8222;Praktyczn\u0105 kuchni\u0119 my\u015bliwsk\u0105&#8221; pi\u00f3ra dr Grzegorza Russaka, kt\u00f3ry jest dla mnie wyroczni\u0105 w tych sprawach. Za czas\u00f3w gdy by\u0142 on dyrektorem Domu Polonii w Pu\u0142tusku w &#8222;Karmazynowej&#8221; i &#8222;Malinowej&#8221; (tak nazywaj\u0105 si\u0119 dwie restauracje w zamku [&hellip;]<\/p>\n","protected":false},"author":2,"featured_media":0,"comment_status":"open","ping_status":"open","sticky":false,"template":"","format":"standard","meta":{"footnotes":""},"categories":[1],"tags":[],"_links":{"self":[{"href":"https:\/\/blog.polityka.pl\/adamczewski\/wp-json\/wp\/v2\/posts\/642"}],"collection":[{"href":"https:\/\/blog.polityka.pl\/adamczewski\/wp-json\/wp\/v2\/posts"}],"about":[{"href":"https:\/\/blog.polityka.pl\/adamczewski\/wp-json\/wp\/v2\/types\/post"}],"author":[{"embeddable":true,"href":"https:\/\/blog.polityka.pl\/adamczewski\/wp-json\/wp\/v2\/users\/2"}],"replies":[{"embeddable":true,"href":"https:\/\/blog.polityka.pl\/adamczewski\/wp-json\/wp\/v2\/comments?post=642"}],"version-history":[{"count":0,"href":"https:\/\/blog.polityka.pl\/adamczewski\/wp-json\/wp\/v2\/posts\/642\/revisions"}],"wp:attachment":[{"href":"https:\/\/blog.polityka.pl\/adamczewski\/wp-json\/wp\/v2\/media?parent=642"}],"wp:term":[{"taxonomy":"category","embeddable":true,"href":"https:\/\/blog.polityka.pl\/adamczewski\/wp-json\/wp\/v2\/categories?post=642"},{"taxonomy":"post_tag","embeddable":true,"href":"https:\/\/blog.polityka.pl\/adamczewski\/wp-json\/wp\/v2\/tags?post=642"}],"curies":[{"name":"wp","href":"https:\/\/api.w.org\/{rel}","templated":true}]}}