
{"id":645,"date":"2008-11-27T08:00:29","date_gmt":"2008-11-27T07:00:29","guid":{"rendered":"http:\/\/adamczewski.blog.polityka.pl\/?p=645"},"modified":"2008-11-25T14:33:22","modified_gmt":"2008-11-25T13:33:22","slug":"come-fare-paella","status":"publish","type":"post","link":"https:\/\/blog.polityka.pl\/adamczewski\/2008\/11\/27\/come-fare-paella\/","title":{"rendered":"Come fare paella"},"content":{"rendered":"<p>Bardzo mnie ubawi\u0142a ksi\u0105\u017cka (\u015bmiech zadecydowa\u0142, \u017ce wyda\u0142em na ni\u0105 pieni\u0105dze) pod tym w\u0142oskim tytu\u0142em i napisana przez w\u0142oskiego autora. Czy\u00a0 Hiszpanie nie maj\u0105 w\u0142asnych kucharzy, kt\u00f3rzy posiedli te\u017c sztuk\u0119 pisania i mogli by zaprezentowa\u0107 sztandarowe danie rodem z Walencji? Ale przegl\u0105daj\u0105c ksi\u0105\u017ck\u0119 znalaz\u0142em w niej sporo informacji wartych zapami\u0119tania oraz dziesi\u0105tki przepis\u00f3w, kt\u00f3re chcia\u0142bym zrealizowa\u0107.<\/p>\n<p>I tak oto mam w\u0142osk\u0105 ksi\u0105\u017ck\u0119 o hiszpa\u0144skiej kuchni. A w niej par\u0119 podstawowych rad, kt\u00f3re warto upowszechni\u0107. Ci, kt\u00f3rzy je znaj\u0105, to sobie te regu\u0142y utrwal\u0105, a ci, kt\u00f3rzy o tym jeszcze nie s\u0142yszeli, b\u0119d\u0105 mieli okazj\u0119 zdobycia wiedzy kulinarnej niezb\u0119dnej (absolutnie niezb\u0119dnej) do \u017cycia.<\/p>\n<p>Paella (czyt.paeja) r\u00f3\u017cni si\u0119 od swego w\u0142oskiego\u00a0 krewniaka risotta g\u00f3wnie konsystencj\u0105. Risotto winno by\u0107 niemal p\u0142ynne a ry\u017c mo\u017ce by\u0107 zlepiony. W paelli za\u015b odwrotnie &#8211; ry\u017c winien by\u0107 sypki, ka\u017cde ziarenko osobno. A jak to osi\u0105gn\u0105\u0107? Hiszpa\u0144scy kucharze twierdz\u0105, \u017ce osi\u0105gaj\u0105 to przede wszystkim dzi\u0119ki nie stosowaniu pokrywki. Paellera czyli wielka patelnia o dw\u00f3ch uchach i wysokich brzegach, nigdy i w \u017cadnym momencie gotowania nie jest przykrywana. Ry\u017c wch\u0142ania p\u0142yn (ros\u00f3\u0142 lub szafran rozpuszczony w wodzie) i nadmiar odparowuje. Ziarenka za\u015b pozostaj\u0105 osobno. Ostatnia faza produkcji to p\u00f3\u0142godzinny pobyt paellery w piekarniku rozgrzanym do 220 st. C.<\/p>\n<p>Jest te\u017c i inny spos\u00f3b na osi\u0105gni\u0119cie tego efektu. I ten ja preferuj\u0119. Ziarenka ry\u017cu wysypuje si\u0119 na rozgrzan\u0105 patelni\u0119 z odrobin\u0105 oliwy i sma\u017cy przez kilka minut. Gdy ry\u017c traci bia\u0142a barw\u0119 zalewa si\u0119 go roso\u0142em z dodatkiem odrobiny bia\u0142ego wytrawnego wina\u00a0 i dusi si\u0119 przez dziesi\u0119\u0107 &#8211; dwana\u015bcie minut.<\/p>\n<p>S\u0105 w handlu trzy gatunki ry\u017cu: kr\u00f3tkoziarnisty, \u015brednioziarnisty i d\u0142ugoziarnisty. Ka\u017cdy z nich wymaga innej d\u0142ugo\u015bci gotowania a wi\u0119c wybiera si\u0119 go do r\u00f3\u017cnych da\u0144. Kr\u00f3tkoziarnisty maj\u0105cy owalne niemal okr\u0105g\u0142e ziarenka gotuje si\u0119 oko\u0142o 13\u00a0 minut. Hiszpa\u0144scy kucharze ten polecaj\u0105 do krokiet\u00f3w, zapiekanek i zup. \u015arednioziarnisty charakteryzuj\u0105cy si\u0119 smuk\u0142ymi d\u0142ugimi ziarnami wymaga gotowania do 16 minut. Doskona\u0142y jest wi\u0119c na risotta i tak\u017ce do da\u0144 wymienionych wy\u017cej. Ry\u017c d\u0142ugoziarnisty ma du\u017ce,\u00a0 bardzo d\u0142ugie ziarna i wymaga gotowania 18 minut. Ten gatunek zawiera ma\u0142o amylopektyny (sk\u0142adnik skrobii), kt\u00f3ra ch\u0119tnie wch\u0142ania wod\u0119. Niedob\u00f3r amylopektyny powoduje, \u017ce ry\u017c jest sypki. I to jest w\u0142a\u015bnie ten najlepszy do paelli.<\/p>\n<p><a href=\"\/wp-content\/uploads\/2008\/11\/paella9finish.jpg\"><img loading=\"lazy\" decoding=\"async\" class=\"alignnone size-full wp-image-654\" title=\"paella9finish\" src=\"\/wp-content\/uploads\/2008\/11\/paella9finish.jpg\" alt=\"\" width=\"450\" height=\"377\" srcset=\"\/adamczewski\/wp-content\/uploads\/2008\/11\/paella9finish.jpg 450w, \/adamczewski\/wp-content\/uploads\/2008\/11\/paella9finish-300x251.jpg 300w\" sizes=\"(max-width: 450px) 100vw, 450px\" \/><\/a><\/p>\n<p>Paella z owocami morza<\/p>\n<p>Wszystkie te zalecenia nie dotycz\u0105 tzw. dzikiego ry\u017cu. Tu gotowanie trwa nawet godzin\u0119.<br \/>\n<a href=\"\/wp-content\/uploads\/2008\/11\/paella9finish.jpg\"><br \/>\n<\/a><\/p>\n<p>Na koniec przepis przywieziony z wakacji na Majorce:<\/p>\n<p><strong>Wiejska paella<\/strong><\/p>\n<p><em>35 dag ry\u017cu d\u0142ugoziarnistego, p\u00f3\u0142 kr\u00f3lika dzielonego wzd\u0142u\u017c, 20 dag boczku,20 dag \u0142uskanego zielonego groszku, 2 cebule,\u00a0 szalotka,\u00a0 z\u0105bek czosnku, oliwa extra vergine,\u00a0 litr wywaru z warzyw, \u0142y\u017cka octu, szczypta szafranu s\u00f3l<br \/>\n<\/em><br \/>\nUmytego i oczyszczonego z b\u0142on kr\u00f3lika pokroi\u0107 na kawa\u0142ki, zala\u0107 wod\u0105 zmieszan\u0105 z octem i marynowa\u0107 120 minut. Os\u0105czy\u0107 z marynaty i zrumieni\u0107 na oliwie wraz z wyci\u015bni\u0119tym przez prask\u0119 czosnkiem. Posoli\u0107 i zala\u0107 kilkoma \u0142y\u017ckami wywaru z warzyw. Gotowa\u0107 kwadrans uzupe\u0142niaj\u0105c p\u0142yn w razie potrzeby. W g\u0142\u0119bokiej patelni podsma\u017cy\u0107 na oliwie pokrojony w kostk\u0119 boczek i w plasterki cebule oraz szalotk\u0119 i wrzuci\u0107 zielony groszek. Doda\u0107 ry\u017c i sma\u017cy\u0107 przez chwil\u0119. Teraz do\u0142o\u017cy\u0107 mi\u0119so kr\u00f3lika, wla\u0107 wrz\u0105cy wywar i szafran rozpuszczony w odrobinie wody. Gotowa\u0107 kolejny kwadrans a\u017c p\u0142yn niemal ca\u0142kowicie odparuje.<\/p>\n","protected":false},"excerpt":{"rendered":"<p>Bardzo mnie ubawi\u0142a ksi\u0105\u017cka (\u015bmiech zadecydowa\u0142, \u017ce wyda\u0142em na ni\u0105 pieni\u0105dze) pod tym w\u0142oskim tytu\u0142em i napisana przez w\u0142oskiego autora. Czy\u00a0 Hiszpanie nie maj\u0105 w\u0142asnych kucharzy, kt\u00f3rzy posiedli te\u017c sztuk\u0119 pisania i mogli by zaprezentowa\u0107 sztandarowe danie rodem z Walencji? Ale przegl\u0105daj\u0105c ksi\u0105\u017ck\u0119 znalaz\u0142em w niej sporo informacji wartych zapami\u0119tania oraz dziesi\u0105tki przepis\u00f3w, kt\u00f3re chcia\u0142bym [&hellip;]<\/p>\n","protected":false},"author":2,"featured_media":0,"comment_status":"open","ping_status":"open","sticky":false,"template":"","format":"standard","meta":{"footnotes":""},"categories":[1],"tags":[],"_links":{"self":[{"href":"https:\/\/blog.polityka.pl\/adamczewski\/wp-json\/wp\/v2\/posts\/645"}],"collection":[{"href":"https:\/\/blog.polityka.pl\/adamczewski\/wp-json\/wp\/v2\/posts"}],"about":[{"href":"https:\/\/blog.polityka.pl\/adamczewski\/wp-json\/wp\/v2\/types\/post"}],"author":[{"embeddable":true,"href":"https:\/\/blog.polityka.pl\/adamczewski\/wp-json\/wp\/v2\/users\/2"}],"replies":[{"embeddable":true,"href":"https:\/\/blog.polityka.pl\/adamczewski\/wp-json\/wp\/v2\/comments?post=645"}],"version-history":[{"count":0,"href":"https:\/\/blog.polityka.pl\/adamczewski\/wp-json\/wp\/v2\/posts\/645\/revisions"}],"wp:attachment":[{"href":"https:\/\/blog.polityka.pl\/adamczewski\/wp-json\/wp\/v2\/media?parent=645"}],"wp:term":[{"taxonomy":"category","embeddable":true,"href":"https:\/\/blog.polityka.pl\/adamczewski\/wp-json\/wp\/v2\/categories?post=645"},{"taxonomy":"post_tag","embeddable":true,"href":"https:\/\/blog.polityka.pl\/adamczewski\/wp-json\/wp\/v2\/tags?post=645"}],"curies":[{"name":"wp","href":"https:\/\/api.w.org\/{rel}","templated":true}]}}