
{"id":657,"date":"2008-12-03T08:00:53","date_gmt":"2008-12-03T07:00:53","guid":{"rendered":"http:\/\/adamczewski.blog.polityka.pl\/?p=657"},"modified":"2008-12-03T17:54:31","modified_gmt":"2008-12-03T16:54:31","slug":"zgadnij-co-gotujemy-110","status":"publish","type":"post","link":"https:\/\/blog.polityka.pl\/adamczewski\/2008\/12\/03\/zgadnij-co-gotujemy-110\/","title":{"rendered":"Zgadnij co gotujemy (110)?"},"content":{"rendered":"<p>Za trzy dni odwiedzi (tych grzecznych, a mo\u017ce grzesznych &#8211; ju\u017c nie pami\u0119tam) nasze domy \u015bw. Miko\u0142aj. I tylko nie ura\u017cajcie Go u\u017cywaj\u0105c coraz cz\u0119\u015bciej stosowanej nazwy tego dnia &#8222;miko\u0142ajki&#8221;. To nie \u017cadne miko\u0142ajki a dzie\u0144 \u015bw. Miko\u0142aja. Wystarczy zajrze\u0107 do kalendarza. Ten sp\u00f3r mi\u0119dzy tradycj\u0105 a zgrzytaj\u0105c\u0105 w uchu wsp\u00f3\u0142czesno\u015bci\u0105 podsun\u0105\u0142 mi pomys\u0142 dzisiejszego quizu. Oto pytania:<\/p>\n<p>1. Diablotka &#8211; co to takiego?<br \/>\n2. Bardzo stara nazwa dzisiejszego baru (chodzi mi o lad\u0119 przy kt\u00f3rej stoj\u0105 lub siedz\u0105 na wysokich sto\u0142kach biesiadnicy) to&#8230;?<br \/>\n3. Co to za stw\u00f3r &#8211; pularda?<\/p>\n<p>Lubi\u0119 d\u017awi\u0119k starych s\u0142\u00f3w, kt\u00f3re ju\u017c wysz\u0142y z u\u017cycia. Mo\u017ce to \u015bwiadectwo tego, \u017ce i ja staj\u0119 si\u0119 bezu\u017cyteczny. Pocieszam si\u0119 tym, \u017ce zaj\u0119\u0107 i zam\u00f3wie\u0144 nadal mam sporo. A i po prostu wiele jest rzeczy, kt\u00f3re mi si\u0119 chce zobaczy\u0107, dotkn\u0105\u0107, pozna\u0107. No i po prostu chce mi si\u0119 \u017cy\u0107 czyli je\u015b\u0107 i pi\u0107. No i bawi\u0107. W ramach wsp\u00f3lnej zabawy prosz\u0119 o pilne przys\u0142anie na adres internet@polityka.com.pl odpowiedzi. Pierwsza prawid\u0142owa b\u0119dzie jak zwykle nagrodzona ksi\u0105\u017ck\u0105 i gad\u017cetami &#8222;Polityki&#8221;. Czekam wi\u0119c.<\/p>\n","protected":false},"excerpt":{"rendered":"<p>Za trzy dni odwiedzi (tych grzecznych, a mo\u017ce grzesznych &#8211; ju\u017c nie pami\u0119tam) nasze domy \u015bw. Miko\u0142aj. I tylko nie ura\u017cajcie Go u\u017cywaj\u0105c coraz cz\u0119\u015bciej stosowanej nazwy tego dnia &#8222;miko\u0142ajki&#8221;. To nie \u017cadne miko\u0142ajki a dzie\u0144 \u015bw. Miko\u0142aja. Wystarczy zajrze\u0107 do kalendarza. Ten sp\u00f3r mi\u0119dzy tradycj\u0105 a zgrzytaj\u0105c\u0105 w uchu wsp\u00f3\u0142czesno\u015bci\u0105 podsun\u0105\u0142 mi pomys\u0142 dzisiejszego [&hellip;]<\/p>\n","protected":false},"author":2,"featured_media":0,"comment_status":"open","ping_status":"open","sticky":false,"template":"","format":"standard","meta":{"footnotes":""},"categories":[1],"tags":[],"_links":{"self":[{"href":"https:\/\/blog.polityka.pl\/adamczewski\/wp-json\/wp\/v2\/posts\/657"}],"collection":[{"href":"https:\/\/blog.polityka.pl\/adamczewski\/wp-json\/wp\/v2\/posts"}],"about":[{"href":"https:\/\/blog.polityka.pl\/adamczewski\/wp-json\/wp\/v2\/types\/post"}],"author":[{"embeddable":true,"href":"https:\/\/blog.polityka.pl\/adamczewski\/wp-json\/wp\/v2\/users\/2"}],"replies":[{"embeddable":true,"href":"https:\/\/blog.polityka.pl\/adamczewski\/wp-json\/wp\/v2\/comments?post=657"}],"version-history":[{"count":0,"href":"https:\/\/blog.polityka.pl\/adamczewski\/wp-json\/wp\/v2\/posts\/657\/revisions"}],"wp:attachment":[{"href":"https:\/\/blog.polityka.pl\/adamczewski\/wp-json\/wp\/v2\/media?parent=657"}],"wp:term":[{"taxonomy":"category","embeddable":true,"href":"https:\/\/blog.polityka.pl\/adamczewski\/wp-json\/wp\/v2\/categories?post=657"},{"taxonomy":"post_tag","embeddable":true,"href":"https:\/\/blog.polityka.pl\/adamczewski\/wp-json\/wp\/v2\/tags?post=657"}],"curies":[{"name":"wp","href":"https:\/\/api.w.org\/{rel}","templated":true}]}}