
{"id":667,"date":"2008-12-10T08:00:58","date_gmt":"2008-12-10T07:00:58","guid":{"rendered":"http:\/\/adamczewski.blog.polityka.pl\/?p=667"},"modified":"2008-12-10T08:57:23","modified_gmt":"2008-12-10T07:57:23","slug":"zgadnij-co-gotujemy111","status":"publish","type":"post","link":"https:\/\/blog.polityka.pl\/adamczewski\/2008\/12\/10\/zgadnij-co-gotujemy111\/","title":{"rendered":"Zgadnij co gotujemy(111)?"},"content":{"rendered":"<p>W tym tygodniu wiele miejsca po\u015bwi\u0119ci\u0142em Francji i jej smako\u0142ykom. Wi\u0119c i quiz winien utrzyma\u0107 w tej samej tematyce. Oto (proste) pytania:<\/p>\n<p>1. Co to jest\u00a0 berlingot?<br \/>\n2. Kim by\u0142 Prosper Montagne?<br \/>\n3. Mont-blanc z ma\u0142ych liter to nie nazwa najwy\u017cszej g\u00f3ry w Alpach francuskich lecz&#8230;?<\/p>\n<p>Kto zna odpowiedzi niech si\u0119 spieszy, bo go wyprzedzi Stanis\u0142aw, a ma on ju\u017c wiele wygranych nagr\u00f3d. Czekam na prawid\u0142owe odpowiedzi pod adresem: <a href=\"mailto:internet@polityka.com.pl\">internet@polityka.com.pl<\/a>\u00a0\u00a0\u00a0a nagrod\u0105 oczywi\u015bcie b\u0119d\u0105 ksi\u0105\u017cki i gad\u017cety z logo &#8222;Polityki&#8221;.<\/p>\n","protected":false},"excerpt":{"rendered":"<p>W tym tygodniu wiele miejsca po\u015bwi\u0119ci\u0142em Francji i jej smako\u0142ykom. Wi\u0119c i quiz winien utrzyma\u0107 w tej samej tematyce. Oto (proste) pytania: 1. Co to jest\u00a0 berlingot? 2. Kim by\u0142 Prosper Montagne? 3. Mont-blanc z ma\u0142ych liter to nie nazwa najwy\u017cszej g\u00f3ry w Alpach francuskich lecz&#8230;? Kto zna odpowiedzi niech si\u0119 spieszy, bo go wyprzedzi [&hellip;]<\/p>\n","protected":false},"author":2,"featured_media":0,"comment_status":"open","ping_status":"open","sticky":false,"template":"","format":"standard","meta":{"footnotes":""},"categories":[1],"tags":[],"_links":{"self":[{"href":"https:\/\/blog.polityka.pl\/adamczewski\/wp-json\/wp\/v2\/posts\/667"}],"collection":[{"href":"https:\/\/blog.polityka.pl\/adamczewski\/wp-json\/wp\/v2\/posts"}],"about":[{"href":"https:\/\/blog.polityka.pl\/adamczewski\/wp-json\/wp\/v2\/types\/post"}],"author":[{"embeddable":true,"href":"https:\/\/blog.polityka.pl\/adamczewski\/wp-json\/wp\/v2\/users\/2"}],"replies":[{"embeddable":true,"href":"https:\/\/blog.polityka.pl\/adamczewski\/wp-json\/wp\/v2\/comments?post=667"}],"version-history":[{"count":0,"href":"https:\/\/blog.polityka.pl\/adamczewski\/wp-json\/wp\/v2\/posts\/667\/revisions"}],"wp:attachment":[{"href":"https:\/\/blog.polityka.pl\/adamczewski\/wp-json\/wp\/v2\/media?parent=667"}],"wp:term":[{"taxonomy":"category","embeddable":true,"href":"https:\/\/blog.polityka.pl\/adamczewski\/wp-json\/wp\/v2\/categories?post=667"},{"taxonomy":"post_tag","embeddable":true,"href":"https:\/\/blog.polityka.pl\/adamczewski\/wp-json\/wp\/v2\/tags?post=667"}],"curies":[{"name":"wp","href":"https:\/\/api.w.org\/{rel}","templated":true}]}}