
{"id":6705,"date":"2013-04-22T08:00:10","date_gmt":"2013-04-22T06:00:10","guid":{"rendered":"http:\/\/adamczewski.blog.polityka.pl\/?p=6705"},"modified":"2013-04-19T11:50:12","modified_gmt":"2013-04-19T09:50:12","slug":"pierwszy-dzien-wsrod-ptakow-i-zwierzat","status":"publish","type":"post","link":"https:\/\/blog.polityka.pl\/adamczewski\/2013\/04\/22\/pierwszy-dzien-wsrod-ptakow-i-zwierzat\/","title":{"rendered":"Pierwszy dzie\u0144 w\u015br\u00f3d ptak\u00f3w i zwierz\u0105t"},"content":{"rendered":"<p><a href=\"\/wp-content\/uploads\/2013\/04\/\u0141\u0119cino-wiosna-ma\u0142a.jpg\"><\/a><\/p>\n<p>Pierwszy kilkudniowy pobyt na wsi ju\u017c za nami. Z \u017calem wracali\u015bmy do Warszawy ale pocieszali\u015bmy si\u0119 my\u015bl\u0105, \u017ce za chwil\u0119 zn\u00f3w znajdziemy si\u0119 w naszym lesie z widokiem na Puszcz\u0119 Bia\u0142\u0105 i \u0142\u0105ki.<\/p>\n<p><!--more--><br \/>\nPierwszy obiad pokazywa\u0142em (u\u017cywaj\u0105c zdj\u0119\u0107 z domowego archiwum) wi\u0119c dzi\u015b nie b\u0119d\u0119 tego powtarza\u0142. Stwierdz\u0119 tylko, \u017ce go\u015bcie byli zadowoleni, cho\u0107 nie mieli oni por\u00f3wnania z tymi samymi daniami robionymi nad Jeziorem Garda. W Polsce nie ma jednak tamtejszych ryb, a i mi\u0119czaki po pokonaniu paru tysi\u0119cy kilometr\u00f3w nie smakuj\u0105 tak wspaniale jak prosto wyj\u0119te z wody. Dzi\u015b wi\u0119c o innych przyjemno\u015bciach wynikaj\u0105cych z posiadania domu na wsi.<\/p>\n<p><a href=\"\/wp-content\/uploads\/2013\/04\/\u0141\u0119cino-wiosna-13.jpg\"><img loading=\"lazy\" decoding=\"async\" class=\"aligncenter size-medium wp-image-6708\" title=\"OLYMPUS DIGITAL CAMERA\" src=\"\/wp-content\/uploads\/2013\/04\/\u0141\u0119cino-wiosna-13-300x225.jpg\" alt=\"\" width=\"300\" height=\"225\" srcset=\"\/adamczewski\/wp-content\/uploads\/2013\/04\/\u0141\u0119cino-wiosna-13-300x225.jpg 300w, \/adamczewski\/wp-content\/uploads\/2013\/04\/\u0141\u0119cino-wiosna-13.jpg 640w\" sizes=\"(max-width: 300px) 100vw, 300px\" \/><\/a><br \/>\nWprawdzie tu i \u00f3wdzie le\u017ca\u0142y jeszcze spore \u0142aty \u015bniegu (co wida\u0107) ale ziele\u0144 jest coraz intensywniejsza, p\u0105ki coraz wyrazistsze, ptaki \u015bwiergol\u0105 g\u0142o\u015bniej i g\u0142o\u015bniej, wrzeszcz\u0105 co rano za p\u0142otem a w stajni u s\u0105siada pojawi\u0142a si\u0119 \u015bliczna klaczka, kt\u00f3rej portret (w wieku trzech dni) chyba wszystkim przypadnie do gustu.<\/p>\n<p><a href=\"\/wp-content\/uploads\/2013\/04\/\u0141\u0119cino-wiosna-ma\u0142a1.jpg\"><img loading=\"lazy\" decoding=\"async\" class=\"aligncenter size-medium wp-image-6713\" title=\"OLYMPUS DIGITAL CAMERA\" src=\"\/wp-content\/uploads\/2013\/04\/\u0141\u0119cino-wiosna-ma\u0142a1-300x225.jpg\" alt=\"\" width=\"300\" height=\"225\" srcset=\"\/adamczewski\/wp-content\/uploads\/2013\/04\/\u0141\u0119cino-wiosna-ma\u0142a1-300x225.jpg 300w, \/adamczewski\/wp-content\/uploads\/2013\/04\/\u0141\u0119cino-wiosna-ma\u0142a1.jpg 640w\" sizes=\"(max-width: 300px) 100vw, 300px\" \/><\/a><br \/>\nZasadzili\u015bmy tak\u017ce \u015bwierczek, kt\u00f3ry by\u0142 naszym drzewkiem bo\u017conarodzeniowym. Mamy nadziej\u0119, \u017ce si\u0119 przyjmie tak jak \u015bwierki sadzone przez ostatnie lata.<\/p>\n<p><a href=\"\/wp-content\/uploads\/2013\/04\/\u0141\u0119cino-wiosna-nowy-\u015bwierk.jpg\"><img loading=\"lazy\" decoding=\"async\" class=\"aligncenter size-medium wp-image-6710\" title=\"OLYMPUS DIGITAL CAMERA\" src=\"\/wp-content\/uploads\/2013\/04\/\u0141\u0119cino-wiosna-nowy-\u015bwierk-225x300.jpg\" alt=\"\" width=\"225\" height=\"300\" srcset=\"\/adamczewski\/wp-content\/uploads\/2013\/04\/\u0141\u0119cino-wiosna-nowy-\u015bwierk-225x300.jpg 225w, \/adamczewski\/wp-content\/uploads\/2013\/04\/\u0141\u0119cino-wiosna-nowy-\u015bwierk.jpg 360w\" sizes=\"(max-width: 225px) 100vw, 225px\" \/><\/a><br \/>\nZauwa\u017cyli\u015bmy te\u017c ruch w budkach l\u0119gowych powieszonych w ubieg\u0142ym roku na brzozach. Musimy tylko zapyta\u0107 domowego eksperta (c\u00f3rka jest z wykszta\u0142cenia biologiem i by\u0142 czas, \u017ce pasjonowa\u0142a si\u0119 ornitologi\u0105) kim s\u0105 nasi nowi lokatorzy. Bocianie gniazda w kilku okolicznych wsiach te\u017c s\u0105 zaj\u0119te i bocianowe wysiaduj\u0105 jaja. A i w kurniku oraz w zagrodzie dla kur rejwach wielki i codziennie zbieramy sporo dorodnych \u015bwie\u017cutkich jaj.<br \/>\nS\u0142owem\u00a0&#8211; sielsko!<\/p>\n<p><a href=\"\/wp-content\/uploads\/2013\/04\/\u0141\u0119cino-wiosna-\u017crebi\u0119.jpg\"><img loading=\"lazy\" decoding=\"async\" class=\"aligncenter size-medium wp-image-6714\" title=\"OLYMPUS DIGITAL CAMERA\" src=\"\/wp-content\/uploads\/2013\/04\/\u0141\u0119cino-wiosna-\u017crebi\u0119-300x225.jpg\" alt=\"\" width=\"300\" height=\"225\" srcset=\"\/adamczewski\/wp-content\/uploads\/2013\/04\/\u0141\u0119cino-wiosna-\u017crebi\u0119-300x225.jpg 300w, \/adamczewski\/wp-content\/uploads\/2013\/04\/\u0141\u0119cino-wiosna-\u017crebi\u0119.jpg 640w\" sizes=\"(max-width: 300px) 100vw, 300px\" \/><\/a><\/p>\n<p><em>Fot. P. Adamczewski<\/em><\/p>\n","protected":false},"excerpt":{"rendered":"<p>Pierwszy kilkudniowy pobyt na wsi ju\u017c za nami. Z \u017calem wracali\u015bmy do Warszawy ale pocieszali\u015bmy si\u0119 my\u015bl\u0105, \u017ce za chwil\u0119 zn\u00f3w znajdziemy si\u0119 w naszym lesie z widokiem na Puszcz\u0119 Bia\u0142\u0105 i \u0142\u0105ki.<\/p>\n","protected":false},"author":2,"featured_media":0,"comment_status":"open","ping_status":"closed","sticky":false,"template":"","format":"standard","meta":{"footnotes":""},"categories":[1],"tags":[],"_links":{"self":[{"href":"https:\/\/blog.polityka.pl\/adamczewski\/wp-json\/wp\/v2\/posts\/6705"}],"collection":[{"href":"https:\/\/blog.polityka.pl\/adamczewski\/wp-json\/wp\/v2\/posts"}],"about":[{"href":"https:\/\/blog.polityka.pl\/adamczewski\/wp-json\/wp\/v2\/types\/post"}],"author":[{"embeddable":true,"href":"https:\/\/blog.polityka.pl\/adamczewski\/wp-json\/wp\/v2\/users\/2"}],"replies":[{"embeddable":true,"href":"https:\/\/blog.polityka.pl\/adamczewski\/wp-json\/wp\/v2\/comments?post=6705"}],"version-history":[{"count":6,"href":"https:\/\/blog.polityka.pl\/adamczewski\/wp-json\/wp\/v2\/posts\/6705\/revisions"}],"predecessor-version":[{"id":6709,"href":"https:\/\/blog.polityka.pl\/adamczewski\/wp-json\/wp\/v2\/posts\/6705\/revisions\/6709"}],"wp:attachment":[{"href":"https:\/\/blog.polityka.pl\/adamczewski\/wp-json\/wp\/v2\/media?parent=6705"}],"wp:term":[{"taxonomy":"category","embeddable":true,"href":"https:\/\/blog.polityka.pl\/adamczewski\/wp-json\/wp\/v2\/categories?post=6705"},{"taxonomy":"post_tag","embeddable":true,"href":"https:\/\/blog.polityka.pl\/adamczewski\/wp-json\/wp\/v2\/tags?post=6705"}],"curies":[{"name":"wp","href":"https:\/\/api.w.org\/{rel}","templated":true}]}}