
{"id":6787,"date":"2013-05-08T08:00:59","date_gmt":"2013-05-08T06:00:59","guid":{"rendered":"http:\/\/adamczewski.blog.polityka.pl\/?p=6787"},"modified":"2013-05-08T09:38:37","modified_gmt":"2013-05-08T07:38:37","slug":"jeszcze-poczekajmy-jeszcze-sie-nie-spieszmy%e2%80%a6","status":"publish","type":"post","link":"https:\/\/blog.polityka.pl\/adamczewski\/2013\/05\/08\/jeszcze-poczekajmy-jeszcze-sie-nie-spieszmy%e2%80%a6\/","title":{"rendered":"Jeszcze poczekajmy, jeszcze si\u0119 nie spieszmy&#8230;"},"content":{"rendered":"<p>&#8230;\u00a0ale Gieno czyli Brzucho wreszcie rozwinie skrzyd\u0142a i przyleci do wszystkich smakoszy z bogat\u0105 ofert\u0105 ser\u00f3w. Cz\u0119\u015b\u0107 blogowych \u0142asuch\u00f3w ju\u017c korzysta\u0142a z internetowego sklepu Brzucha (<a href=\"http:\/\/www.serypolskie.pl\/\">www.serypolskie.pl<\/a>) i bardzo to sobie chwali\u0142a.<\/p>\n<p><!--more-->Sprzeda\u017c internetowa to wprawdzie przysz\u0142o\u015b\u0107 handlu ale i ja, i chyba wi\u0119kszo\u015b\u0107 przyjaci\u00f3\u0142 Brzucha, woli wizyt\u0119 w prawdziwym sklepie gdzie mo\u017cna porozmawia\u0107 z w\u0142a\u015bcicielem i razem doj\u015b\u0107 do tego, kt\u00f3ry ser b\u0119dzie najbardziej odpowiedni do szykowanego w\u0142a\u015bnie przyj\u0119cia. Zw\u0142aszcza, \u017ce rozmowa z Gienem to sama przyjemno\u015b\u0107. Nie do\u015b\u0107, \u017ce to\u00a0&#8211; moim zdaniem\u00a0&#8211; najwybitniejszy ekspert w kwestii ser\u00f3w zagrodowych w ca\u0142ej Polsce a jeszcze do tego nieutulony gadu\u0142a ze wspania\u0142ym poczuciem humoru. Taka wizyta powoduje, \u017ce cz\u0142owiek czuje, i\u017c warto \u017cy\u0107. No i do tego wychodzi objuczony pyszno\u015bciami, cho\u0107 ze znacznie szczuplejszym portfelem.<\/p>\n<p><a href=\"\/wp-content\/uploads\/2013\/05\/Gieno-nad-serami.jpg\"><img loading=\"lazy\" decoding=\"async\" class=\"alignleft size-medium wp-image-6790\" title=\"OLYMPUS DIGITAL CAMERA\" src=\"\/wp-content\/uploads\/2013\/05\/Gieno-nad-serami-225x300.jpg\" alt=\"\" width=\"225\" height=\"300\" srcset=\"\/adamczewski\/wp-content\/uploads\/2013\/05\/Gieno-nad-serami-225x300.jpg 225w, \/adamczewski\/wp-content\/uploads\/2013\/05\/Gieno-nad-serami.jpg 360w\" sizes=\"(max-width: 225px) 100vw, 225px\" \/><\/a>Na prawdziwy i du\u017cy sklep serowarski w Warszawie trzeba b\u0119dzie poczeka\u0107 do jesieni. Tak przynajmniej twierdzi przysz\u0142y jego w\u0142a\u015bciciel. Tymczasem jednak Gieno uruchamia stoisko na Koszykach. A \u017ce przez ca\u0142y przysz\u0142y tydzie\u0144 realizuje kolejn\u0105 seri\u0119 program\u00f3w (Kuchnia +)zatytu\u0142owanych smakowicie &#8222;Przez dziurk\u0119 od sera&#8221;, to na Koszykach pojawi si\u0119 dopiero w sobot\u0119 czyli dzie\u0144 po otwarciu.<br \/>\nZajrz\u0119 tam w nast\u0119pnym tygodniu i opisz\u0119 co zobaczy\u0142em. Ale mieszka\u0144cy stolicy i zaprzyja\u017anieni z Brzuchem pewnie sami wszystko obejrz\u0105. Relacja wi\u0119c b\u0119dzie dla mieszka\u0144c\u00f3w innych stron Polski i \u015bwiata. Mam nadziej\u0119, \u017ce b\u0119dzie co kupowa\u0107.<\/p>\n<p><a href=\"\/wp-content\/uploads\/2013\/05\/Deska-ser\u00f3w-z-winogronami.jpg\"><img loading=\"lazy\" decoding=\"async\" class=\"aligncenter size-medium wp-image-6791\" title=\"OLYMPUS DIGITAL CAMERA\" src=\"\/wp-content\/uploads\/2013\/05\/Deska-ser\u00f3w-z-winogronami-300x225.jpg\" alt=\"\" width=\"300\" height=\"225\" srcset=\"\/adamczewski\/wp-content\/uploads\/2013\/05\/Deska-ser\u00f3w-z-winogronami-300x225.jpg 300w, \/adamczewski\/wp-content\/uploads\/2013\/05\/Deska-ser\u00f3w-z-winogronami.jpg 640w\" sizes=\"(max-width: 300px) 100vw, 300px\" \/><\/a><\/p>\n<p><em>Fot. Piotr Adamczewski<\/em><\/p>\n","protected":false},"excerpt":{"rendered":"<p>&#8230;\u00a0ale Gieno czyli Brzucho wreszcie rozwinie skrzyd\u0142a i przyleci do wszystkich smakoszy z bogat\u0105 ofert\u0105 ser\u00f3w. Cz\u0119\u015b\u0107 blogowych \u0142asuch\u00f3w ju\u017c korzysta\u0142a z internetowego sklepu Brzucha (www.serypolskie.pl) i bardzo to sobie chwali\u0142a.<\/p>\n","protected":false},"author":2,"featured_media":0,"comment_status":"open","ping_status":"closed","sticky":false,"template":"","format":"standard","meta":{"footnotes":""},"categories":[1],"tags":[],"_links":{"self":[{"href":"https:\/\/blog.polityka.pl\/adamczewski\/wp-json\/wp\/v2\/posts\/6787"}],"collection":[{"href":"https:\/\/blog.polityka.pl\/adamczewski\/wp-json\/wp\/v2\/posts"}],"about":[{"href":"https:\/\/blog.polityka.pl\/adamczewski\/wp-json\/wp\/v2\/types\/post"}],"author":[{"embeddable":true,"href":"https:\/\/blog.polityka.pl\/adamczewski\/wp-json\/wp\/v2\/users\/2"}],"replies":[{"embeddable":true,"href":"https:\/\/blog.polityka.pl\/adamczewski\/wp-json\/wp\/v2\/comments?post=6787"}],"version-history":[{"count":6,"href":"https:\/\/blog.polityka.pl\/adamczewski\/wp-json\/wp\/v2\/posts\/6787\/revisions"}],"predecessor-version":[{"id":6789,"href":"https:\/\/blog.polityka.pl\/adamczewski\/wp-json\/wp\/v2\/posts\/6787\/revisions\/6789"}],"wp:attachment":[{"href":"https:\/\/blog.polityka.pl\/adamczewski\/wp-json\/wp\/v2\/media?parent=6787"}],"wp:term":[{"taxonomy":"category","embeddable":true,"href":"https:\/\/blog.polityka.pl\/adamczewski\/wp-json\/wp\/v2\/categories?post=6787"},{"taxonomy":"post_tag","embeddable":true,"href":"https:\/\/blog.polityka.pl\/adamczewski\/wp-json\/wp\/v2\/tags?post=6787"}],"curies":[{"name":"wp","href":"https:\/\/api.w.org\/{rel}","templated":true}]}}