
{"id":6909,"date":"2013-05-28T08:00:31","date_gmt":"2013-05-28T06:00:31","guid":{"rendered":"http:\/\/adamczewski.blog.polityka.pl\/?p=6909"},"modified":"2013-05-28T08:22:46","modified_gmt":"2013-05-28T06:22:46","slug":"kropla-drazy-moj-zmysl-smaku","status":"publish","type":"post","link":"https:\/\/blog.polityka.pl\/adamczewski\/2013\/05\/28\/kropla-drazy-moj-zmysl-smaku\/","title":{"rendered":"Kropla dr\u0105\u017cy m\u00f3j zmys\u0142 smaku"},"content":{"rendered":"<p>Coraz cz\u0119\u015bciej producenci alkoholi staraj\u0105c si\u0119 podbi\u0107 rynek i zdoby\u0107 nowych klient\u00f3w anga\u017cuj\u0105 najwybitniejszych projektant\u00f3w, kt\u00f3rzy puszczaj\u0105 wodze fantazji i tworz\u0105 nowe kszta\u0142ty butelek oraz opakowa\u0144. Czasem bywa, \u017ce te opakowania staj\u0105 si\u0119 dzie\u0142ami sztuki i ich cena jest znacznie wy\u017csza ni\u017c to co przechowuj\u0105 w swoich wn\u0119trzach. Tym razem\u00a0&#8211; na szcz\u0119\u015bcie\u00a0&#8211; do tego nie dosz\u0142o. Zar\u00f3wno butelka jak i jej zawarto\u015b\u0107 s\u0105 zachwycaj\u0105ce. Sprawdza\u0142em i to w dobrym towarzystwie bliskich przyjaci\u00f3\u0142 znawc\u00f3w.<\/p>\n<p><!--more-->Pininfarina to firma za\u0142o\u017cona przez Battista Pininfarin\u0119 w latach 30-stych XX wieku, projektuj\u0105ca luksusowe marki samochodowe. Pierwszym autorskim autem by\u0142 model Pininfarina Floryda 2, kt\u00f3r\u0105 nestor rodu zaprojektowa\u0142 dla siebie w 1957 roku. Pod rz\u0105dami syna, Sergio Pininfariny, firma wesz\u0142a na rynek przemys\u0142owy i sta\u0142a si\u0119 mi\u0119dzynarodowa. Pod jej szyldem powsta\u0142y wspania\u0142e projekty motoryzacyjne m.in. Maserati, Alfa Romeo, Jaguara.<br \/>\nO klasie w\u0142oskiej marki \u015bwiadczy fakt, \u017ce od 1952 roku Pininfarina jest jedynym projektantem sportowych aut &#8211; Ferrari. Naturalnym etapem rozwoju by\u0142o powstanie w latach 80-tych XX wieku Studia Pininfarina Extra. Dzia\u0142a ona poza sektorem motoryzacyjnym. W ci\u0105gu 25 lat Studio zrealizowa\u0142o ok. 500 projekt\u00f3w z r\u00f3\u017cnych obszar\u00f3w, w tym projekt\u00f3w przemys\u0142owych zwi\u0105zanych z innymi formami transportu m.in. \u0142odzie<br \/>\ni samoloty, ale tak\u017ce\u00a0 opakowania\u00a0&#8211; w tym butelki s\u0142ynnych trunk\u00f3w.<br \/>\nChivas Regal 18YO to wyj\u0105tkowy blend stworzony przez Colina Scotta, master blendera Chivas Brothers. Na jej bogactwo smaku sk\u0142ada si\u0119 ponad 20 najrzadziej wyst\u0119puj\u0105cych whisky single malt. Wyr\u00f3\u017cniaj\u0105 go: charakterystyczna, intensywnie bursztynowa barwa, wyra\u017anie wyczuwalny aromat suszonych owoc\u00f3w i ma\u015blanego toffi, aksamitny smak czarnych czekolad i nut kwiatowych z odrobin\u0105 s\u0142odkiego aromatu dymu.<br \/>\nDzie\u0142o sztuki powinno odzwierciedla\u0107 podej\u015bcie do \u017cycia i warto\u015bci jego autora &#8211; ta idea przy\u015bwieca tworzeniu projekt\u00f3w przez Pininfarin\u0119. Paolo Trevisan, szef teamu projektuj\u0105cego dla Chivas Regal 18YO uwa\u017ca, \u017ce projektant powinien rozumie\u0107 klienta, jego \u015bwiat i to\u017csamo\u015b\u0107, aby m\u00f3c dla niego stworzy\u0107 co\u015b wyj\u0105tkowego. Dlatego jego pierwszym krokiem by\u0142a wizyta w Strathisla, destylarni Chivas Regal i spotkanie z tw\u00f3rc\u0105 Chivas Regal 18YO &#8211; Collinem Scottem, master blenderem. Ze wsp\u00f3lnych rozm\u00f3w znakomitego projektanta i mistrza komponowania whisky zrodzi\u0142 si\u0119 pomys\u0142 wykorzystania kropli, jako symbolu wsp\u00f3\u0142pracy.<br \/>\n<a href=\"\/wp-content\/uploads\/2013\/05\/Chivas-Regal1.jpg\"><img loading=\"lazy\" decoding=\"async\" class=\"alignleft size-thumbnail wp-image-6914\" title=\"Chivas Regal\" src=\"\/wp-content\/uploads\/2013\/05\/Chivas-Regal1-150x150.jpg\" alt=\"\" width=\"150\" height=\"150\" \/><\/a>Dla Chivas Regal kropla to naturalny symbol &#8211; to w\u0142a\u015bnie pojedyncze krople sk\u0142adaj\u0105ce si\u0119 na finaln\u0105 kompozycj\u0119 blendu \u015bwiadcz\u0105 o jego wielko\u015bci. Pininfarina za\u015b symbolizuje powietrze. Dla nich kropla odzwierciedla aerodynamik\u0119 kszta\u0142t\u00f3w, z kt\u00f3r\u0105 s\u0105 uto\u017csamiane ich projekty.<br \/>\nTe wszystkie s\u0142owa to oczywi\u015bcie pr\u00f3ba nam\u00f3wienia amator\u00f3w whisky do si\u0119gni\u0119cia po butelk\u0119 Chivas. Tyle tylko, \u017ce musz\u0105 oni wiedzie\u0107 na co nara\u017caj\u0105 sw\u00f3j portfel. Prawdziwi mi\u0142o\u015bnicy whisky sk\u0142onni s\u0105 zapewne do takich po\u015bwi\u0119ce\u0144.<\/p>\n","protected":false},"excerpt":{"rendered":"<p>Coraz cz\u0119\u015bciej producenci alkoholi staraj\u0105c si\u0119 podbi\u0107 rynek i zdoby\u0107 nowych klient\u00f3w anga\u017cuj\u0105 najwybitniejszych projektant\u00f3w, kt\u00f3rzy puszczaj\u0105 wodze fantazji i tworz\u0105 nowe kszta\u0142ty butelek oraz opakowa\u0144. Czasem bywa, \u017ce te opakowania staj\u0105 si\u0119 dzie\u0142ami sztuki i ich cena jest znacznie wy\u017csza ni\u017c to co przechowuj\u0105 w swoich wn\u0119trzach. Tym razem\u00a0&#8211; na szcz\u0119\u015bcie\u00a0&#8211; do tego nie [&hellip;]<\/p>\n","protected":false},"author":2,"featured_media":0,"comment_status":"open","ping_status":"closed","sticky":false,"template":"","format":"standard","meta":{"footnotes":""},"categories":[1],"tags":[],"_links":{"self":[{"href":"https:\/\/blog.polityka.pl\/adamczewski\/wp-json\/wp\/v2\/posts\/6909"}],"collection":[{"href":"https:\/\/blog.polityka.pl\/adamczewski\/wp-json\/wp\/v2\/posts"}],"about":[{"href":"https:\/\/blog.polityka.pl\/adamczewski\/wp-json\/wp\/v2\/types\/post"}],"author":[{"embeddable":true,"href":"https:\/\/blog.polityka.pl\/adamczewski\/wp-json\/wp\/v2\/users\/2"}],"replies":[{"embeddable":true,"href":"https:\/\/blog.polityka.pl\/adamczewski\/wp-json\/wp\/v2\/comments?post=6909"}],"version-history":[{"count":7,"href":"https:\/\/blog.polityka.pl\/adamczewski\/wp-json\/wp\/v2\/posts\/6909\/revisions"}],"predecessor-version":[{"id":6912,"href":"https:\/\/blog.polityka.pl\/adamczewski\/wp-json\/wp\/v2\/posts\/6909\/revisions\/6912"}],"wp:attachment":[{"href":"https:\/\/blog.polityka.pl\/adamczewski\/wp-json\/wp\/v2\/media?parent=6909"}],"wp:term":[{"taxonomy":"category","embeddable":true,"href":"https:\/\/blog.polityka.pl\/adamczewski\/wp-json\/wp\/v2\/categories?post=6909"},{"taxonomy":"post_tag","embeddable":true,"href":"https:\/\/blog.polityka.pl\/adamczewski\/wp-json\/wp\/v2\/tags?post=6909"}],"curies":[{"name":"wp","href":"https:\/\/api.w.org\/{rel}","templated":true}]}}