
{"id":693,"date":"2008-12-24T08:00:35","date_gmt":"2008-12-24T07:00:35","guid":{"rendered":"http:\/\/adamczewski.blog.polityka.pl\/?p=693"},"modified":"2008-12-21T18:52:22","modified_gmt":"2008-12-21T17:52:22","slug":"zgadnij-co-gotujemy113","status":"publish","type":"post","link":"https:\/\/blog.polityka.pl\/adamczewski\/2008\/12\/24\/zgadnij-co-gotujemy113\/","title":{"rendered":"Zgadnij co gotujemy(113)?"},"content":{"rendered":"<p><a href=\"\/wp-content\/uploads\/2008\/12\/wigilia-3.jpg\"><img loading=\"lazy\" decoding=\"async\" class=\"alignnone size-full wp-image-700\" title=\"EN_90036099_213\" src=\"\/wp-content\/uploads\/2008\/12\/wigilia-3.jpg\" alt=\"\" width=\"340\" height=\"250\" srcset=\"\/adamczewski\/wp-content\/uploads\/2008\/12\/wigilia-3.jpg 340w, \/adamczewski\/wp-content\/uploads\/2008\/12\/wigilia-3-300x220.jpg 300w\" sizes=\"(max-width: 340px) 100vw, 340px\" \/><\/a><\/p>\n<p>fot. East News<\/p>\n<p>No i sta\u0142o si\u0119: Wigilia jest dniem zagadek! Mi\u0142o chyba dowiedzie\u0107 si\u0119, \u017ce b\u0119dzie jeszcze jeden dodatkowy prezent. Ale jak ja to mam przekaza\u0107 gdy\u00a0 u mnie w firmie ju\u017c pusto? Nawet najbardziej zagorzali pracusie z dzia\u0142u informatycznego wyszli. No to musimy (wszyscy) prze\u017cy\u0107 par\u0119 dni w niepewno\u015bci i z nadziej\u0105 na nagrod\u0119. Wyniki &#8211; po \u015bwi\u0119tach. A pytania oczywi\u015bcie wigilijne i b\u0119d\u0105 dotyczy\u0107 zup cho\u0107 nie wy\u0142\u0105cznie:<\/p>\n<p>1.\u00a0 W jakim regionie Polski pierwszym daniem wigilijnym jest siemieniec czyli zupa z siemienia lnianego z p\u0119czakiem?<br \/>\n2.\u00a0 W innej cz\u0119\u015bci kraju na st\u00f3\u0142 wigilijny na pocz\u0105tek wje\u017cd\u017ca sina zupa konopna\u00a0&#8211; jaki to region?<br \/>\n3. Moczka z pokruszonych piernik\u00f3w rozmoczonych w kompocie porzeczkowym z dodatkiem bakalii to potrawa&#8230;?<\/p>\n<p>Kto wie ten pisze na adres <a href=\"mailto:internet@polityka.com.pl\">internet@polityka.com.pl<\/a> \u00a0 i czeka na rozwi\u0105zanie a potem na listonosza. Ze wzgl\u0119du na \u015awi\u0119ta nagrod\u0105 b\u0119d\u0105 dwie ksi\u0105\u017cki kucharskie wydane przez oficyn\u0119 ko\u015bcieln\u0105 a napisane przez zakonnic\u0119.<br \/>\nA wszystkim Przyjacio\u0142om znanym bli\u017cej i mniej znanym, Sympatykom i Adwersarzom, Tym pisz\u0105cym komentarze i milcz\u0105cym Czytelnikom czyli Wszystkim Kt\u00f3rzy si\u0119 Otarli o Blog &#8222;Gotuj si\u0119!&#8221; \u017cyczymy obydwoje czyli Barbara i Piotr<\/p>\n<p><a href=\"\/wp-content\/uploads\/2008\/12\/wigilia-4.jpg\"><img loading=\"lazy\" decoding=\"async\" class=\"alignnone size-full wp-image-701\" title=\"EN_90035323_001\" src=\"\/wp-content\/uploads\/2008\/12\/wigilia-4.jpg\" alt=\"\" width=\"340\" height=\"297\" srcset=\"\/adamczewski\/wp-content\/uploads\/2008\/12\/wigilia-4.jpg 340w, \/adamczewski\/wp-content\/uploads\/2008\/12\/wigilia-4-300x262.jpg 300w\" sizes=\"(max-width: 340px) 100vw, 340px\" \/><\/a><\/p>\n<p>fot. East News<\/p>\n<p>WESO\u0141YCH SMACZNYCH \u015aWI\u0104T!<\/p>\n","protected":false},"excerpt":{"rendered":"<p>fot. East News No i sta\u0142o si\u0119: Wigilia jest dniem zagadek! Mi\u0142o chyba dowiedzie\u0107 si\u0119, \u017ce b\u0119dzie jeszcze jeden dodatkowy prezent. Ale jak ja to mam przekaza\u0107 gdy\u00a0 u mnie w firmie ju\u017c pusto? Nawet najbardziej zagorzali pracusie z dzia\u0142u informatycznego wyszli. No to musimy (wszyscy) prze\u017cy\u0107 par\u0119 dni w niepewno\u015bci i z nadziej\u0105 na [&hellip;]<\/p>\n","protected":false},"author":2,"featured_media":0,"comment_status":"open","ping_status":"open","sticky":false,"template":"","format":"standard","meta":{"footnotes":""},"categories":[1],"tags":[],"_links":{"self":[{"href":"https:\/\/blog.polityka.pl\/adamczewski\/wp-json\/wp\/v2\/posts\/693"}],"collection":[{"href":"https:\/\/blog.polityka.pl\/adamczewski\/wp-json\/wp\/v2\/posts"}],"about":[{"href":"https:\/\/blog.polityka.pl\/adamczewski\/wp-json\/wp\/v2\/types\/post"}],"author":[{"embeddable":true,"href":"https:\/\/blog.polityka.pl\/adamczewski\/wp-json\/wp\/v2\/users\/2"}],"replies":[{"embeddable":true,"href":"https:\/\/blog.polityka.pl\/adamczewski\/wp-json\/wp\/v2\/comments?post=693"}],"version-history":[{"count":0,"href":"https:\/\/blog.polityka.pl\/adamczewski\/wp-json\/wp\/v2\/posts\/693\/revisions"}],"wp:attachment":[{"href":"https:\/\/blog.polityka.pl\/adamczewski\/wp-json\/wp\/v2\/media?parent=693"}],"wp:term":[{"taxonomy":"category","embeddable":true,"href":"https:\/\/blog.polityka.pl\/adamczewski\/wp-json\/wp\/v2\/categories?post=693"},{"taxonomy":"post_tag","embeddable":true,"href":"https:\/\/blog.polityka.pl\/adamczewski\/wp-json\/wp\/v2\/tags?post=693"}],"curies":[{"name":"wp","href":"https:\/\/api.w.org\/{rel}","templated":true}]}}