
{"id":695,"date":"2008-12-30T08:00:21","date_gmt":"2008-12-30T07:00:21","guid":{"rendered":"http:\/\/adamczewski.blog.polityka.pl\/?p=695"},"modified":"2008-12-16T11:05:45","modified_gmt":"2008-12-16T10:05:45","slug":"no-i-minal-rok-kolejny","status":"publish","type":"post","link":"https:\/\/blog.polityka.pl\/adamczewski\/2008\/12\/30\/no-i-minal-rok-kolejny\/","title":{"rendered":"No i min\u0105\u0142 rok kolejny&#8230;"},"content":{"rendered":"<p>Sylwester tu\u017c, tu\u017c. W mojej winiarce od wielu miesi\u0119cy le\u017cy butla przedniego szampana. Kupi\u0142em go nam\u00f3wiony przez przyjaciela winiarza, kt\u00f3ry sprowadzi\u0142 w lecie kilkadziesi\u0105t butelek po korzystnej cenie. Na wdzi\u0119cznej etykiecie czytam z przyjemno\u015bci\u0105 Moet et Chandon a Epernay Vintage 1999. I mam nadziej\u0119, \u017ce b\u0119d\u0119 mia\u0142 frajd\u0119 pij\u0105c o p\u00f3\u0142nocy te bardzo wytrawne b\u0105belki. A do butli mam ma\u0142o konkurent\u00f3w. Noc sylwestrow\u0105 sp\u0119dzamy tylko z Basi\u0105 i wnukiem Jakubem. Ona za szampanem nie przepada, on za\u015b jako ma\u0142olat i tak nie dostanie wi\u0119cej ni\u017c jeden kieliszek na toast i \u017cyczenia.<\/p>\n<p><a href=\"\/wp-content\/uploads\/2008\/12\/sylwester-2.jpg\"><img loading=\"lazy\" decoding=\"async\" class=\"alignnone size-full wp-image-703\" title=\"EN_90045670_071\" src=\"\/wp-content\/uploads\/2008\/12\/sylwester-2.jpg\" alt=\"\" width=\"340\" height=\"273\" srcset=\"\/adamczewski\/wp-content\/uploads\/2008\/12\/sylwester-2.jpg 340w, \/adamczewski\/wp-content\/uploads\/2008\/12\/sylwester-2-300x240.jpg 300w\" sizes=\"(max-width: 340px) 100vw, 340px\" \/><\/a><\/p>\n<p>fot. East News<\/p>\n<p>Ale zanim do tego dojdzie poczytajmy wsp\u00f3lnie o sylwestrowym obyczaju, kt\u00f3ry opanowa\u0142 ca\u0142y \u015bwiat.<\/p>\n<p>&#8222;Data 1 stycznia, kt\u00f3ra w kalendarzu wsp\u00f3\u0142czesnym jest pierwszym dniem roku oraz obchody noworoczne wywodz\u0105 si\u0119 z tradycji rzymskiej. W staro\u017cytnym Rzymie bowiem liczono lata przyjmuj\u0105c za pocz\u0105tek ka\u017cdego kolejnego roku Calendae Januariae &#8211; czyli pierwszy dzie\u0144 miesi\u0105ca, w Polsce zwanego styczniem, jako \u017ce stykaj\u0105 si\u0119 w nim stary i nowy rok.<\/p>\n<p>W ko\u015bciele natomiast, a\u017c do VI w., 1 stycznia i jego wigilia obchodzone by\u0142y wy\u0142\u0105cznie jako oktawa Bo\u017cego Narodzenia. P\u00f3\u017aniej dopiero do uroczysto\u015bci oktawy dodawano dzi\u0119kczynienie za stary rok i b\u0142ogos\u0142awie\u0144stwo na pocz\u0105tek nowego &#8222;roku cywilnego&#8221; (nazywanego tak w liturgii w odr\u00f3\u017cnieniu od roku ko\u015bcielnego, kt\u00f3ry dotychczas rozpoczyna \u015bwi\u0119to Bo\u017cego Narodzenia).<\/p>\n<p>Tak\u017ce i w tradycji polskiej i zw\u0142aszcza w tradycji ludowej, figuruj\u0105ce w oficjalnym kalendarzu data 1 stycznia i wigilia Nowego Roku nie odgrywa\u0142y tak wielkiej roli jak Bo\u017ce Narodzenie i wigilia tego \u015bwi\u0119ta, kt\u00f3re to uroczysto\u015bci przypadaj\u0105ce w porze zimowego przesilenia s\u0142o\u0144ca zwyczajowo rozpoczyna\u0142y rok s\u0142oneczny i wegetacyjny, a tak\u017ce nowy rok ko\u015bcielny, i z kt\u00f3rymi zwi\u0105zane by\u0142y rozliczne praktyki maj\u0105ce zapewni\u0107 pomy\u015blny przebieg ca\u0142ego roku.<\/p>\n<p>Zatem najstarsze znane zwyczaje i obrz\u0119dy odprawiane w ostatnim dniu roku kalendarzowego i w pierwszym dniu nowego roku by\u0142y, w wi\u0119kszo\u015bci, powt\u00f3rzeniem wcze\u015bniejszych praktyk wigilijnych lub praktyk zwi\u0105zanych ze \u015bwi\u0119tem Bo\u017cego Narodzenia. Natomiast tradycyjnych zwyczaj\u00f3w i obrz\u0119d\u00f3w, kt\u00f3re by\u0142y charakterystyczne wy\u0142\u0105cznie dla Sylwestra czy Nowego Roku by\u0142o stosunkowo niewiele.<\/p>\n<p>Wigili\u0119 Nowego Roku, popularnie zwan\u0105 Sylwestrem i zwi\u0105zane z tym dniem, a zw\u0142aszcza z noc\u0105, zabawy, ta\u0144ce, palenie ogni i wznoszone o p\u00f3\u0142nocy toasty noworoczne, obchodzi si\u0119 w Europie od X w.&#8221;<\/p>\n<p>I tyle na pocz\u0105tek przygotowa\u0144 do ko\u0144ca roku, kt\u00f3ry w naszym przypadku (my\u015bl\u0119 o rodzinie i najbli\u017cszych przyjacio\u0142ach) by\u0142 rokiem dobrym. A jaki b\u0119dzie nast\u0119pny?<\/p>\n","protected":false},"excerpt":{"rendered":"<p>Sylwester tu\u017c, tu\u017c. W mojej winiarce od wielu miesi\u0119cy le\u017cy butla przedniego szampana. Kupi\u0142em go nam\u00f3wiony przez przyjaciela winiarza, kt\u00f3ry sprowadzi\u0142 w lecie kilkadziesi\u0105t butelek po korzystnej cenie. Na wdzi\u0119cznej etykiecie czytam z przyjemno\u015bci\u0105 Moet et Chandon a Epernay Vintage 1999. I mam nadziej\u0119, \u017ce b\u0119d\u0119 mia\u0142 frajd\u0119 pij\u0105c o p\u00f3\u0142nocy te bardzo wytrawne b\u0105belki. [&hellip;]<\/p>\n","protected":false},"author":2,"featured_media":0,"comment_status":"open","ping_status":"open","sticky":false,"template":"","format":"standard","meta":{"footnotes":""},"categories":[1],"tags":[],"_links":{"self":[{"href":"https:\/\/blog.polityka.pl\/adamczewski\/wp-json\/wp\/v2\/posts\/695"}],"collection":[{"href":"https:\/\/blog.polityka.pl\/adamczewski\/wp-json\/wp\/v2\/posts"}],"about":[{"href":"https:\/\/blog.polityka.pl\/adamczewski\/wp-json\/wp\/v2\/types\/post"}],"author":[{"embeddable":true,"href":"https:\/\/blog.polityka.pl\/adamczewski\/wp-json\/wp\/v2\/users\/2"}],"replies":[{"embeddable":true,"href":"https:\/\/blog.polityka.pl\/adamczewski\/wp-json\/wp\/v2\/comments?post=695"}],"version-history":[{"count":0,"href":"https:\/\/blog.polityka.pl\/adamczewski\/wp-json\/wp\/v2\/posts\/695\/revisions"}],"wp:attachment":[{"href":"https:\/\/blog.polityka.pl\/adamczewski\/wp-json\/wp\/v2\/media?parent=695"}],"wp:term":[{"taxonomy":"category","embeddable":true,"href":"https:\/\/blog.polityka.pl\/adamczewski\/wp-json\/wp\/v2\/categories?post=695"},{"taxonomy":"post_tag","embeddable":true,"href":"https:\/\/blog.polityka.pl\/adamczewski\/wp-json\/wp\/v2\/tags?post=695"}],"curies":[{"name":"wp","href":"https:\/\/api.w.org\/{rel}","templated":true}]}}