
{"id":697,"date":"2008-12-23T08:00:54","date_gmt":"2008-12-23T07:00:54","guid":{"rendered":"http:\/\/adamczewski.blog.polityka.pl\/?p=697"},"modified":"2008-12-21T18:50:36","modified_gmt":"2008-12-21T17:50:36","slug":"pierwsza-gwiazdka-zaraz-wzejdzie-2","status":"publish","type":"post","link":"https:\/\/blog.polityka.pl\/adamczewski\/2008\/12\/23\/pierwsza-gwiazdka-zaraz-wzejdzie-2\/","title":{"rendered":"Pierwsza gwiazdka zaraz wzejdzie"},"content":{"rendered":"<p><a href=\"\/wp-content\/uploads\/2008\/12\/wigilia-2.jpg\"><img loading=\"lazy\" decoding=\"async\" class=\"alignnone size-full wp-image-699\" title=\"EN_90130498_005\" src=\"\/wp-content\/uploads\/2008\/12\/wigilia-2.jpg\" alt=\"\" width=\"340\" height=\"228\" srcset=\"\/adamczewski\/wp-content\/uploads\/2008\/12\/wigilia-2.jpg 340w, \/adamczewski\/wp-content\/uploads\/2008\/12\/wigilia-2-300x201.jpg 300w\" sizes=\"(max-width: 340px) 100vw, 340px\" \/><\/a><\/p>\n<p>fot. East News<\/p>\n<p>Lubi\u0119 te \u015bwi\u0119ta tak\u017ce i dlatego, \u017ce nagromadzi\u0142y one tysi\u0105ce obyczaj\u00f3w przez tysi\u0105c lat. I cho\u0107bym nie wiem jak d\u0142ugo jeszcze \u017cy\u0142 to wierz\u0119, \u017ce ka\u017cde kolejne \u015bwi\u0119ta Bo\u017cego Narodzenia czym\u015b mnie zaskocz\u0105. Dowiem si\u0119 o zupe\u0142nie nieznanych mi zwyczajach i skosztuj\u0119 ca\u0142kiem nieznanych potraw. I to dlatego tak wnikliwie czytam ksi\u0105\u017ck\u0119 Barbary Ogrodowskiej, kt\u00f3ra jest chyba najlepszym znawc\u0105 polskiego obyczaju.<\/p>\n<p>&#8222;Z dniem, a tak\u017ce z noc\u0105 wigilijn\u0105, najd\u0142u\u017csz\u0105 w roku, najbardziej tajemnicz\u0105 i niezwyk\u0142\u0105 zwi\u0105zane by\u0142y liczne i r\u00f3\u017cnorodne wierzenia z\u0142\u0105czone wsp\u00f3ln\u0105 ide\u0105: ca\u0142a ziemia i wszech\u015bwiat, wszystkie byty ziemskie i pozaziemskie \u0142\u0105cz\u0105 si\u0119 ze sob\u0105 we wsp\u00f3lnym prze\u017cywaniu wielkiego misterium narodzin Boga &#8211; i wielkiego prze\u0142omu w dziejach \u015bwiata.<\/p>\n<p>Wierzono wi\u0119c, \u017ce w noc wigilijn\u0105 ziemia otwiera si\u0119 i ukazuje ukryte w niej skarby, \u017ce nieruchome i najci\u0119\u017csze nawet kamienie i g\u0142azy dr\u017c\u0105 i poruszaj\u0105 si\u0119, \u017ce w lesie zakwita papro\u0107, a pod \u015bniegiem trawa i kwiaty, za\u015b w sadach drzewa okrywaj\u0105 si\u0119 kwiatami i natychmiast wydaj\u0105 owoce. Wierzono, \u017ce pszczo\u0142y w ulach i zwierz\u0119ta le\u015bne budz\u0105 si\u0119 ze snu zimowego, wychodz\u0105 ze swych legowisk, aby uczci\u0107 Narodzenie Pa\u0144skie. Wierzono, \u017ce wszystkie zwierz\u0119ta le\u015bne i domowe mog\u0105 w t\u0119 jedn\u0105 noc rozmawia\u0107 ze sob\u0105 ludzkim j\u0119zykiem, a byd\u0142o, przed wiekami obecne przy narodzeniu Chrystusa, o p\u00f3\u0142nocy na chwil\u0119 kl\u0119ka przy swych \u017c\u0142obach. Wierzono tak\u017ce, \u017ce woda w studniach zamienia si\u0119 w mi\u00f3d lub wino, a w rzekach i strumieniach w p\u0142ynne z\u0142oto lub srebro. Wed\u0142ug poda\u0144 i legend wszystkie te cuda mog\u0142y jednak by\u0107 widziane i do\u015bwiadczane wy\u0142\u0105cznie przez ludzi bez najmniejszej skazy i grzechu, o prawym charakterze i niez\u0142omnej odwadze. Odwa\u017cnych pr\u00f3buj\u0105cych zdoby\u0107 skarby ukryte w ziemi, znale\u017a\u0107 kwiat paproci lub skosztowa\u0107 wody przemienionej w mi\u00f3d, czeka\u0142y bowiem ci\u0119\u017ckie, przera\u017caj\u0105ce pr\u00f3by, kt\u00f3re mo\u017cna by\u0142o przyp\u0142aci\u0107 \u017cyciem. Niewielu wi\u0119c by\u0142o ch\u0119tnych do pods\u0142uchiwania nocnych rozm\u00f3w zwierz\u0105t. Legendy opowiadane w r\u00f3\u017cnych regionach Polski g\u0142osi\u0142y, i\u017c zwierz\u0119ta domowe mog\u0142y przepowiedzie\u0107 \u015bmier\u0107 gospodarzy lub cz\u0142onk\u00f3w ich rodzin, l\u0119kano si\u0119 zatem bardzo takich proroctw.&#8221;<\/p>\n<p>Tyle na dzi\u015b. No a jutro z\u0142o\u017cymy sobie \u017cyczenia.<\/p>\n","protected":false},"excerpt":{"rendered":"<p>fot. East News Lubi\u0119 te \u015bwi\u0119ta tak\u017ce i dlatego, \u017ce nagromadzi\u0142y one tysi\u0105ce obyczaj\u00f3w przez tysi\u0105c lat. I cho\u0107bym nie wiem jak d\u0142ugo jeszcze \u017cy\u0142 to wierz\u0119, \u017ce ka\u017cde kolejne \u015bwi\u0119ta Bo\u017cego Narodzenia czym\u015b mnie zaskocz\u0105. Dowiem si\u0119 o zupe\u0142nie nieznanych mi zwyczajach i skosztuj\u0119 ca\u0142kiem nieznanych potraw. I to dlatego tak wnikliwie czytam ksi\u0105\u017ck\u0119 [&hellip;]<\/p>\n","protected":false},"author":2,"featured_media":0,"comment_status":"open","ping_status":"open","sticky":false,"template":"","format":"standard","meta":{"footnotes":""},"categories":[1],"tags":[],"_links":{"self":[{"href":"https:\/\/blog.polityka.pl\/adamczewski\/wp-json\/wp\/v2\/posts\/697"}],"collection":[{"href":"https:\/\/blog.polityka.pl\/adamczewski\/wp-json\/wp\/v2\/posts"}],"about":[{"href":"https:\/\/blog.polityka.pl\/adamczewski\/wp-json\/wp\/v2\/types\/post"}],"author":[{"embeddable":true,"href":"https:\/\/blog.polityka.pl\/adamczewski\/wp-json\/wp\/v2\/users\/2"}],"replies":[{"embeddable":true,"href":"https:\/\/blog.polityka.pl\/adamczewski\/wp-json\/wp\/v2\/comments?post=697"}],"version-history":[{"count":0,"href":"https:\/\/blog.polityka.pl\/adamczewski\/wp-json\/wp\/v2\/posts\/697\/revisions"}],"wp:attachment":[{"href":"https:\/\/blog.polityka.pl\/adamczewski\/wp-json\/wp\/v2\/media?parent=697"}],"wp:term":[{"taxonomy":"category","embeddable":true,"href":"https:\/\/blog.polityka.pl\/adamczewski\/wp-json\/wp\/v2\/categories?post=697"},{"taxonomy":"post_tag","embeddable":true,"href":"https:\/\/blog.polityka.pl\/adamczewski\/wp-json\/wp\/v2\/tags?post=697"}],"curies":[{"name":"wp","href":"https:\/\/api.w.org\/{rel}","templated":true}]}}