
{"id":7059,"date":"2013-06-25T08:00:38","date_gmt":"2013-06-25T06:00:38","guid":{"rendered":"http:\/\/adamczewski.blog.polityka.pl\/?p=7059"},"modified":"2013-06-23T10:29:29","modified_gmt":"2013-06-23T08:29:29","slug":"gdzie-ta-dziecielina-pala","status":"publish","type":"post","link":"https:\/\/blog.polityka.pl\/adamczewski\/2013\/06\/25\/gdzie-ta-dziecielina-pala\/","title":{"rendered":"Gdzie ta dzi\u0119cielina pa\u0142a"},"content":{"rendered":"<p>Wprawdzie przede wszystkim to pokarm dla k\u00f3z, kr\u00f3w i kr\u00f3lik\u00f3w ale\u00a0&#8211; okazuje si\u0119\u00a0&#8211; \u017ce i cz\u0142owiek mo\u017ce je\u015b\u0107 ze smakiem te pi\u0119kne drobne kwiatki rosn\u0105ce na \u0142\u0105kach. Tak w ka\u017cdym razie radzi przewodnik po polskich zio\u0142ach wydany przez oficyn\u0119 BOSZ.<\/p>\n<p><!--more--><\/p>\n<p>&#8222;Czterolistna koniczyna zawsze kojarzy si\u0119 nam ze szcz\u0119\u015bciem. Chocia\u017c znalezienie jej nie jest \u0142atwe, to nam do szcz\u0119\u015bcia i naszego zdrowia wystarczy zebranie kwiat\u00f3w koniczyny \u0142\u0105kowej, niezale\u017cnie od liczby posiadanych przez ni\u0105 listk\u00f3w. Jej w\u0142a\u015bciwo\u015bci lecznicze s\u0105 nie do przecenienia, zw\u0142aszcza dla kobiet w okresie menopauzy. Koniczyna \u0142\u0105kowa jest ro\u015blin\u0105 pastewn\u0105 o trzycz\u0119\u015bciowych li\u015bciach i r\u00f3\u017cowoczerwonych kwiatach zebranych w walcowate kwiatostany. Jest gatunkiem bardzo pospolitym, o licznych odmianach. Ma\u0142o kto wie, \u017ce koniczyna \u0142\u0105kowa to Mickiewiczowska dzi\u0119cielina &#8211; co po\u015br\u00f3d pag\u00f3rk\u00f3w, jak panna ru?mie\u0144cem, zakwita. Koniczyna \u0142\u0105kowa ro\u015bnie na \u0142\u0105kach, miedzach, przy drogach i na polach.<br \/>\n\u00a0W \u015bredniowiecznej Europie tr\u00f3jlistna koniczyna by\u0142a symbolem \u015awi\u0119tej Tr\u00f3jcy. Ka\u017cdy pojedynczy listek symbolizowa\u0142 co\u015b innego: wiar\u0119, nadziej\u0119 i mi\u0142o\u015b\u0107, a ten czwarty (dodatkowy) &#8230; szcz\u0119\u015bcie. Wierzono r\u00f3wnie\u017c, \u017ce wianek upleciony z koniczyny i zabrany na jarmark zapewni pomy\u015blno\u015b\u0107 w handlu. Przypisywano tej ro\u015blinie w\u0142a\u015bciwo\u015bci oczyszczaj\u0105ce, moczop\u0119dne, \u017c\u00f3\u0142ciop\u0119dne i wykrztu\u015bne. W Chinach i Rosji u\u017cywano jej do leczenia kokluszu, \u0142uszczycy i egzemy, a wiosenne kuracje tym zio\u0142em mia\u0142y chroni\u0107 przed rakiem. W medycynie ludowej ziele koniczyny stosowano jako \u015brodek hamuj\u0105cy nadmierne krwawienia miesi\u0105czkowe, uszczelniaj\u0105cy i wzmacniaj\u0105cy naczynia krwiono\u015bne, wykrztu\u015bny, moczop\u0119dny, odtruwaj\u0105cy, przeciwobrz\u0119kowy, mlekop\u0119dny oraz uspokajaj\u0105cy.<br \/>\nObecne badania nad w\u0142a\u015bciwo\u015bciami leczniczymi koniczyny \u0142\u0105kowej wykazuj\u0105, \u017ce mo\u017ce ona by\u0107 z powodzeniem stosowana zamiast hormonalnej terapii zast\u0119pczej u kobiet w okresie menopauzy.<br \/>\n\u00a0<br \/>\nKwiaty zbieramy do po\u0142udnia, podczas s\u0142onecznej pogody, \u015bcinaj\u0105c same g\u0142\u00f3wki kwiatowe lub razem z szypu\u0142kami i li\u015b\u0107mi. Je\u017celi cz\u0119\u015b\u0107 zbioru chcemy przeznaczy\u0107 do suszenia, to dowoln\u0105 ilo\u015b\u0107 \u015bwie\u017co zebranych kwiat\u00f3w rozk\u0142adamy na papierze i suszymy w zacienionym, przewiewnym miejscu. Kwiaty przechowujemy w papierowych torebkach lub p\u0142\u00f3ciennych woreczkach do nast\u0119pnych zbior\u00f3w.<br \/>\n\u00a0<br \/>\nKoniczyna \u0142\u0105kowa stosowana jest jako \u015brodek moczop\u0119dny, przeciwkrwotoczny i wykrztu\u015bny Przede wszystkim jednak jest \u015brodkiem zwi\u0119kszaj\u0105cym ilo\u015b\u0107 estrogen\u00f3w w organizmie, przez co \u0142agodzi i leczy objawy menopauzy u kobiet, znosi objawy napi\u0119cia przedmiesi\u0105czkowego, reguluje menstruacj\u0119 i przeciwdzia\u0142a osteoporozie. Kwiaty koniczyny w formie ok\u0142ad\u00f3w lub k\u0105pieli stosuje si\u0119 na \u0142uszczyc\u0119, egzem\u0119, wysypki sk\u00f3rne, oparzenia i trudno goj\u0105ce si\u0119 rany. Odwary z kwiat\u00f3w wykorzystuje si\u0119 przy zaburzeniach trawienia, zw\u0142aszcza przy zaparciach i braku apetytu, a tak\u017ce w leczeniu zapalenia oskrzeli i astmy. Kosmetyki z koniczyny dzia\u0142aj\u0105 uj\u0119drniaj\u0105co, odm\u0142adzaj\u0105co i oczyszczaj\u0105co.&#8221;<\/p>\n<p>Z koniczyny mo\u017cna robi\u0107 nalewk\u0119 lub syrop i pi\u0107 dla przyjemno\u015bci b\u0105d\u017a na zdrowie,\u00a0 a tak\u017ce ma\u015b\u0107 oraz krem, by poprawi\u0107 urod\u0119.<\/p>\n","protected":false},"excerpt":{"rendered":"<p>Wprawdzie przede wszystkim to pokarm dla k\u00f3z, kr\u00f3w i kr\u00f3lik\u00f3w ale\u00a0&#8211; okazuje si\u0119\u00a0&#8211; \u017ce i cz\u0142owiek mo\u017ce je\u015b\u0107 ze smakiem te pi\u0119kne drobne kwiatki rosn\u0105ce na \u0142\u0105kach. Tak w ka\u017cdym razie radzi przewodnik po polskich zio\u0142ach wydany przez oficyn\u0119 BOSZ.<\/p>\n","protected":false},"author":2,"featured_media":0,"comment_status":"open","ping_status":"closed","sticky":false,"template":"","format":"standard","meta":{"footnotes":""},"categories":[1],"tags":[],"_links":{"self":[{"href":"https:\/\/blog.polityka.pl\/adamczewski\/wp-json\/wp\/v2\/posts\/7059"}],"collection":[{"href":"https:\/\/blog.polityka.pl\/adamczewski\/wp-json\/wp\/v2\/posts"}],"about":[{"href":"https:\/\/blog.polityka.pl\/adamczewski\/wp-json\/wp\/v2\/types\/post"}],"author":[{"embeddable":true,"href":"https:\/\/blog.polityka.pl\/adamczewski\/wp-json\/wp\/v2\/users\/2"}],"replies":[{"embeddable":true,"href":"https:\/\/blog.polityka.pl\/adamczewski\/wp-json\/wp\/v2\/comments?post=7059"}],"version-history":[{"count":4,"href":"https:\/\/blog.polityka.pl\/adamczewski\/wp-json\/wp\/v2\/posts\/7059\/revisions"}],"predecessor-version":[{"id":7063,"href":"https:\/\/blog.polityka.pl\/adamczewski\/wp-json\/wp\/v2\/posts\/7059\/revisions\/7063"}],"wp:attachment":[{"href":"https:\/\/blog.polityka.pl\/adamczewski\/wp-json\/wp\/v2\/media?parent=7059"}],"wp:term":[{"taxonomy":"category","embeddable":true,"href":"https:\/\/blog.polityka.pl\/adamczewski\/wp-json\/wp\/v2\/categories?post=7059"},{"taxonomy":"post_tag","embeddable":true,"href":"https:\/\/blog.polityka.pl\/adamczewski\/wp-json\/wp\/v2\/tags?post=7059"}],"curies":[{"name":"wp","href":"https:\/\/api.w.org\/{rel}","templated":true}]}}