
{"id":717,"date":"2009-01-12T08:00:43","date_gmt":"2009-01-12T07:00:43","guid":{"rendered":"http:\/\/adamczewski.blog.polityka.pl\/?p=717"},"modified":"2009-01-12T09:21:54","modified_gmt":"2009-01-12T08:21:54","slug":"najpiekniejszy-prezent-swiata","status":"publish","type":"post","link":"https:\/\/blog.polityka.pl\/adamczewski\/2009\/01\/12\/najpiekniejszy-prezent-swiata\/","title":{"rendered":"Najpi\u0119kniejszy  prezent  \u015bwiata"},"content":{"rendered":"<p>Si\u00f3dmego stycznia 2009 roku dosta\u0142em prezent. Najpi\u0119kniejszy prezent \u015bwiata. I do tego prezent, kt\u00f3ry sam jest obie\u017cy\u015bwiatem. Niekt\u00f3rzy z Was ju\u017c wiedz\u0105 o czym mowa. Ale cz\u0119\u015b\u0107 &#8211; zw\u0142aszcza nowi Blogowicze &#8211; nie maj\u0105 poj\u0119cia o co chodzi. Przeczytajcie wi\u0119c list, kt\u00f3ry by\u0142 do\u0142\u0105czony do ozdobnie i elegancko opakowanej przesy\u0142ki:<\/p>\n<p>&#8222;Panie Piotrze<br \/>\nPrzesy\u0142am efekt 14 miesi\u0119cznej akcji podblogowej kt\u00f3rej to by\u0142em pomys\u0142odawc\u0105 i koordynatorem a kt\u00f3r\u0105, przy aktywnej pomocy Blogowicz\u00f3w, jak wida\u0107 zako\u0144czy\u0142em!!!<br \/>\nW za\u0142o\u017ceniu mia\u0142o by\u0107 inaczej. Okr\u0105\u017cy\u0107 \u015bwiat dooko\u0142a i trafi\u0107 do Pana mia\u0142a ksi\u0105\u017cka<br \/>\n&#8222;M\u0119skie gotowanie&#8221; ale by\u0142y problemy i dotar\u0142a jak Pan widzi tylko jej kopia.<br \/>\nAle jak\u017ce jest ona cenna!<br \/>\nHistori\u0119 zaginionej ksi\u0105\u017cki pozna\u0142 Pan z ust uczestnik\u00f3w II Zjazdu, ale w tym czasie<br \/>\npodw\u00f3jnie zakonspirowana akcja KKW &#8211; Klubu Ksi\u0105\u017cki W\u0119drownej &#8211; trwa\u0142a nadal!<br \/>\nTo co Pan widzi przez sob\u0105 jest wynikiem wsp\u00f3\u0142pracy z Paw\u0142em &#8211; paOLOre.<\/p>\n<p>Po tragicznym zagini\u0119ciu Ksi\u0105\u017cki W\u0119drownej, gdzie\u015b na trasie mi\u0119dzy Helen\u0105 a Alicj\u0105,<br \/>\nzaproponowa\u0142 on skopiowanie w\u0142asnej, a \u017ce mia\u0142 zeskanowane wpisy, kt\u00f3re powsta\u0142y na<br \/>\ntrasie Warszawa &#8211; Wiede\u0144 do\u0142\u0105czy\u0142 je do ca\u0142o\u015bci.<\/p>\n<p>Na lipcowym spotkaniu w Warszawie kopia trafi\u0142a w moje r\u0119ce i mog\u0142em dzia\u0142a\u0107 dalej. Teraz ju\u017c, zar\u00f3wno do tych kt\u00f3rych wpisy przepad\u0142y jak i do nowych uczestnik\u00f3w zabawy wysy\u0142a\u0142em pojedyncze skopiowane ksi\u0105\u017ckowe kartki. Ja je wysy\u0142a\u0142em, adresaci si\u0119 wpisywali, odsy\u0142ali, trwa\u0142o to troch\u0119 czasu.<br \/>\nListy tradycyjne, elektroniczne a nawet i telefony s\u0142u\u017cy\u0142y sprawnemu kontynuowaniu akcji.<\/p>\n<p>Wszystko co powysy\u0142a\u0142em w \u015bwiat zbiera\u0142em a\u017c do po\u0142owy grudnia.<br \/>\nPrzed \u015bwi\u0119tami ze z\u0142o\u017ceniem ca\u0142o\u015bci, oprawieniem, poprostu si\u0119 nie wyrobi\u0142em,<br \/>\nzreszt\u0105 pomy\u015bla\u0142em, \u017ce w masie Gwiazdkowych prezent\u00f3w nasz blogowy mo\u017ce zagin\u0105\u0107.<br \/>\nNiech to dzie\u0142o b\u0119dzie dla Pana styczniowym, trzejkr\u00f3lowym, prezentem od ca\u0142ego<br \/>\nBlogowiska!!<\/p>\n<p>Wpis\u00f3w jest w nim tyle ile uda\u0142o si\u0119 zdoby\u0107, trzydzie\u015bci sze\u015b\u0107, nie jest to mo\u017ce ilo\u015b\u0107<br \/>\npora\u017caj\u0105ca, ale ile \u015bwiata by\u0142o w spraw\u0119 zamieszane?!!<br \/>\nNaczeln\u0105 ide\u0105 by\u0142o wci\u0105gn\u0105\u0107 do zabawy tych kt\u00f3rzy blogowali w czasie startu KKW, czyli na prze\u0142omie 2007\/2008, wi\u0119c jej podr\u00f3\u017c musia\u0142a si\u0119 kiedy\u015b sko\u0144czy\u0107. Nadszed\u0142 ten moment, cho\u0107 zabawa mog\u0142a jeszcze trwa\u0107 i trwa\u0107 bo pojawiaj\u0105 si\u0119 wci\u0105\u017c nowi blogowicze.<\/p>\n<p>Jestem pe\u0142en wiary \u017ce przegl\u0105danie stron naszego dzie\u0142a wywo\u0142a u Pana radosne u\u015bmiechy!<br \/>\nA mo\u017ce ono samo stanie si\u0119 po\u017cywk\u0105 do kolejnego Pana blogowego tekstu? By\u0142aby to wielka rado\u015b\u0107 dla wszystkich uczestnik\u00f3w, wpisownik\u00f3w jak i dla mnie, samozwa\u0144czego kierownika KKW.<br \/>\nPozdrawiam serdecznie, \u017cycz\u0119 Wszelkiego Spe\u0142nienia w Nowym 2009 Roku !<br \/>\n-antek.<br \/>\nPS. Mam zeskanowane wszystkie ksi\u0105\u017ckowe wpisy i pozwol\u0119 je pokaza\u0107 Blogowisku. W stosownym czasie.&#8221;<\/p>\n<p><a href=\"\/wp-content\/uploads\/2009\/01\/adamczewskiblog.jpg\"><img loading=\"lazy\" decoding=\"async\" class=\"alignnone size-full wp-image-718\" title=\"adamczewskiblog\" src=\"\/wp-content\/uploads\/2009\/01\/adamczewskiblog.jpg\" alt=\"\" width=\"500\" height=\"378\" srcset=\"\/adamczewski\/wp-content\/uploads\/2009\/01\/adamczewskiblog.jpg 640w, \/adamczewski\/wp-content\/uploads\/2009\/01\/adamczewskiblog-300x227.jpg 300w\" sizes=\"(max-width: 500px) 100vw, 500px\" \/><\/a><\/p>\n<p>Czy wszystko jasne? Dosta\u0142em zeskanowany i wydrukowany egzemplarz swojej w\u0142asnej ksi\u0105\u017cki,\u00a0 przez wiele miesi\u0119cy kr\u0105\u017c\u0105cej po \u015bwiecie, przekazywana z r\u0105k do r\u0105k smakoszy, kt\u00f3rzy zgodnie z moim has\u0142em (Smakosze wszystkich kraj\u00f3w \u015bwiata &#8211; \u0142\u0105czcie si\u0119!) po\u0142\u0105czyli\u00a0 wysi\u0142ki w gigantycznym \u017carcie-happeningu.<\/p>\n<p>Od paru miesi\u0119cy dostawa\u0142em \u015bmieszne a czasem zdumiewaj\u0105ce fotografie, na kt\u00f3rych widnia\u0142a ksi\u0105\u017ceczka &#8222;M\u0119skie gotowanie&#8221; a to czytana w grocie przez groto\u0142aza, a to ustawiona na tle Bramy Brandenburskiej, a to na tle w\u0142oskiej rze\u017aby lub katedry wiede\u0144skiej. Niekt\u00f3re zdj\u0119cia publikowa\u0142em w blogu nie domy\u015blaj\u0105c si\u0119 kto si\u0119 za tym kryje i jaki jest cel tych peregrynacji ksi\u0105\u017cki. Teraz ju\u017c wiem. I w dodatku mam absolutny rarytas\u00a0&#8211; ksi\u0105\u017ck\u0119, kt\u00f3ra objecha\u0142a \u015bwiat dooko\u0142a (przystankiem by\u0142a bowiem i Australia, i Kanada, i Holandia, i Wielka Brytania, \u017ce o innych krajach oraz Ostro\u0142\u0119ce nie wspomn\u0119). Na dodatek ten jedyny egzemplarz &#8222;M\u0119skiego gotowania&#8221; jest okazem bibliofilskim tak\u017ce i dlatego, \u017ce trzydzie\u015bci sze\u015b\u0107 os\u00f3b\u00a0&#8211; pochlebiam sobie, i\u017c moich blogowych Przyjaci\u00f3\u0142\u00a0&#8211;\u00a0 tekst wzbogaci\u0142o swoimi dopiskami, \u017cyczeniami, przepisami, limerykami i inn\u0105 poezj\u0105.<br \/>\nTa ksi\u0119ga\u00a0&#8211; bo teraz egzemplarz awansowa\u0142 w hierarchii wydawnictw\u00a0&#8211; jest te\u017c gwarancj\u0105 zamo\u017cno\u015bci moich wnucz\u0105t. Po moim najd\u0142u\u017cszym \u017cyciu odziedzicz\u0105 j\u0105 wraz z ca\u0142\u0105 bibliotek\u0105 i w chwili zawirowa\u0144 finansowych w ich \u017cyciu wystawi\u0105 j\u0105 na aukcji. Tam za\u015b\u00a0&#8211; nie w\u0105tpi\u0119\u00a0&#8211; &#8222;M\u0119skie gotowanie wersja rozszerzona&#8221;\u00a0 uzyska milionow\u0105 cen\u0119 a wnucz\u0119ta powa\u017cny zastrzyk got\u00f3wki.<\/p>\n<p>Ko\u0144cz\u0105c ten tekst dzi\u0119kczynny napisz\u0119 par\u0119 s\u0142\u00f3w ca\u0142kiem nie\u017cartobliwie. Wzruszyli\u015bcie mnie niezwykle. I wiem teraz z ca\u0142\u0105 pewno\u015bci\u0105, \u017ce warto by\u0142o przez te miesi\u0105ce wysila\u0107 si\u0119 a czasem i denerwowa\u0107, by utworzy\u0107 taki zesp\u00f3\u0142 ludzi \u017cyczliwych. Bo racj\u0119 ma m\u00f3j mistrz i ulubiony autor Brillat-Savarin pisz\u0105c, \u017ce smakosze to ludzie \u0142agodni, \u017cyczliwi, dowcipni i og\u00f3lnie sympatyczni. Tacy w\u0142a\u015bnie jeste\u015bcie. A mo\u017ce raczej &#8211; jeste\u015bmy?!<br \/>\nJeszcze raz dzi\u0119kuj\u0119 wszystkim. I tym, kt\u00f3rzy dalej z nami s\u0105, i tym kt\u00f3rzy nas opu\u015bcili (cho\u0107 mam nadziej\u0119, \u017ce po tym moim wyznaniu\u00a0&#8211; wr\u00f3c\u0105!)<br \/>\nPS.<br \/>\nNie jestem w stanie pokaza\u0107 wszystkich ilustracji ale cho\u0107 jedn\u0105 musz\u0119\u00a0&#8211; patrzcie wi\u0119c i zgadujcie kto to (ja wiem):<\/p>\n","protected":false},"excerpt":{"rendered":"<p>Si\u00f3dmego stycznia 2009 roku dosta\u0142em prezent. Najpi\u0119kniejszy prezent \u015bwiata. I do tego prezent, kt\u00f3ry sam jest obie\u017cy\u015bwiatem. Niekt\u00f3rzy z Was ju\u017c wiedz\u0105 o czym mowa. Ale cz\u0119\u015b\u0107 &#8211; zw\u0142aszcza nowi Blogowicze &#8211; nie maj\u0105 poj\u0119cia o co chodzi. Przeczytajcie wi\u0119c list, kt\u00f3ry by\u0142 do\u0142\u0105czony do ozdobnie i elegancko opakowanej przesy\u0142ki: &#8222;Panie Piotrze Przesy\u0142am efekt 14 [&hellip;]<\/p>\n","protected":false},"author":2,"featured_media":0,"comment_status":"open","ping_status":"open","sticky":false,"template":"","format":"standard","meta":{"footnotes":""},"categories":[1],"tags":[],"_links":{"self":[{"href":"https:\/\/blog.polityka.pl\/adamczewski\/wp-json\/wp\/v2\/posts\/717"}],"collection":[{"href":"https:\/\/blog.polityka.pl\/adamczewski\/wp-json\/wp\/v2\/posts"}],"about":[{"href":"https:\/\/blog.polityka.pl\/adamczewski\/wp-json\/wp\/v2\/types\/post"}],"author":[{"embeddable":true,"href":"https:\/\/blog.polityka.pl\/adamczewski\/wp-json\/wp\/v2\/users\/2"}],"replies":[{"embeddable":true,"href":"https:\/\/blog.polityka.pl\/adamczewski\/wp-json\/wp\/v2\/comments?post=717"}],"version-history":[{"count":0,"href":"https:\/\/blog.polityka.pl\/adamczewski\/wp-json\/wp\/v2\/posts\/717\/revisions"}],"wp:attachment":[{"href":"https:\/\/blog.polityka.pl\/adamczewski\/wp-json\/wp\/v2\/media?parent=717"}],"wp:term":[{"taxonomy":"category","embeddable":true,"href":"https:\/\/blog.polityka.pl\/adamczewski\/wp-json\/wp\/v2\/categories?post=717"},{"taxonomy":"post_tag","embeddable":true,"href":"https:\/\/blog.polityka.pl\/adamczewski\/wp-json\/wp\/v2\/tags?post=717"}],"curies":[{"name":"wp","href":"https:\/\/api.w.org\/{rel}","templated":true}]}}