
{"id":720,"date":"2009-01-14T08:00:26","date_gmt":"2009-01-14T07:00:26","guid":{"rendered":"http:\/\/adamczewski.blog.polityka.pl\/?p=720"},"modified":"2009-01-14T08:45:23","modified_gmt":"2009-01-14T07:45:23","slug":"zgadnij-co-gotujemy116","status":"publish","type":"post","link":"https:\/\/blog.polityka.pl\/adamczewski\/2009\/01\/14\/zgadnij-co-gotujemy116\/","title":{"rendered":"Zgadnij co gotujemy?(116)"},"content":{"rendered":"<p class=\"MsoNormal\" style=\"margin: 0cm 0cm 0pt; line-height: 150%;\"><strong style=\"mso-bidi-font-weight: normal;\"><\/strong><\/p>\n<p class=\"MsoNormal\" style=\"margin: 0cm 0cm 0pt; line-height: 150%;\"><span style=\"font-family: Arial; mso-bidi-font-family: 'Times New Roman';\"><span style=\"font-size: small;\">W pierwsz\u0105 niedziel\u0119 Nowego Roku go\u015bci\u0142em w fajnej audycji radiowej. &#8222;Zagadki literackie&#8221;\u00a0 to sta\u0142y punkt programu radiowej Dw\u00f3jki, s\u0105 one \u015bwietnie przygotowywane i zwykle z przyjemno\u015bci\u0105 ich s\u0142uchamy. Tym razem tematem by\u0142y zwi\u0105zki literatury z kuchni\u0105 wi\u0119c wyb\u00f3r pad\u0142 na mnie jako go\u015bcia zaznajomionego z tematem. Prowadz\u0105cy audycj\u0119 Tomasz Mo\u015bcicki i przygotowuj\u0105ce zagadki oraz nagrania cytowanych tekst\u00f3w Bogumi\u0142a Prz\u0105dka i Ewa Stocka to \u015bwietni dziennikarze znaj\u0105cy si\u0119 doskonale na literaturze, teatrze, filmie. Wybrali wi\u0119c bardzo efektowne fragmenty ksi\u0105\u017cek i sztuk teatralnych, w kt\u00f3rych tematyka kulinarna gra\u0142a wa\u017cn\u0105 rol\u0119. Przy okazji us\u0142yszeli\u015bmy g\u0142osy najwybitniejszych polskich aktor\u00f3w ( np. Krzysztofa Kowalewskiego, Krystyny Feldman, Bogdana Baera, Stanis\u0142awy Celi\u0144skiej) co by\u0142o dodatkow\u0105 atrakcj\u0105 audycji. Ca\u0142o\u015b\u0107 trwa\u0142a a\u017c p\u00f3\u0142torej godziny lecz nie by\u0142o to nu\u017c\u0105ce, o czym \u015bwiadczy\u0142y liczne telefony s\u0142uchaczy.<\/span><\/span><\/p>\n<p class=\"MsoNormal\" style=\"margin: 0cm 0cm 0pt; line-height: 150%;\"><span style=\"font-family: Arial; mso-bidi-font-family: 'Times New Roman';\"><span style=\"font-size: small;\">Ta audycja nasun\u0119\u0142a mi pomys\u0142 dzisiejszego quizu. Te\u017c popr\u00f3bujmy swoich si\u0142 na polu literatury.<\/span><\/span><\/p>\n<p class=\"MsoNormal\" style=\"margin: 0cm 0cm 0pt; line-height: 150%;\"><span style=\"font-family: Arial; mso-bidi-font-family: 'Times New Roman';\"><span style=\"font-size: small;\">1 &#8211; Jeden z najs\u0142ynniejszych pisarzy \u015bwiata, laureat Nagrody Nobla, w pewnej ze swoich ksi\u0105\u017cek opisa\u0142 pojedynek przy stole, kt\u00f3ry polega\u0142 na tym kto zje wi\u0119cej. W pojedynku uczestniczy\u0142 Aureliano Drugi i Camila Sagastume o przezwisku Elefanta. I to ona zwyci\u0119\u017cy\u0142a konkurenta. O jakim autorze mowa?<\/span><\/span><\/p>\n<p class=\"MsoNormal\" style=\"margin: 0cm 0cm 0pt; line-height: 150%;\"><span style=\"font-family: Arial; mso-bidi-font-family: 'Times New Roman';\"><span style=\"font-size: small;\">2 &#8211; Ten wybitny pisarz, dyplomata, \u017co\u0142nierz urodzi\u0142 si\u0119 w Bretanii w miasteczku Saint Malo. By\u0142 arystokrat\u0105, nosi\u0142 tytu\u0142 wicehrabiego. Pe\u0142ni\u0142 misj\u0119 dyplomatyczn\u0105 w Londynie, Berlinie, Watykanie. Pozna\u0142 te\u017c n\u0119dz\u0119 i lochy Bastylii. Z jego nazwiskiem spotykaj\u0105 si\u0119 dzi\u015b bywalcy wytwornych restauracji lubi\u0105cy krwist\u0105 pol\u0119dwic\u0119 wo\u0142ow\u0105. O kim mowa?<\/span><\/span><\/p>\n<p class=\"MsoNormal\" style=\"margin: 0cm 0cm 0pt; line-height: 150%;\"><span style=\"font-family: Arial; mso-bidi-font-family: 'Times New Roman';\"><span style=\"font-size: small;\">3 &#8211; Autor 85 powie\u015bci prezentuj\u0105cych francuskie spo\u0142ecze\u0144stwo pierwszej po\u0142owy<span style=\"mso-spacerun: yes;\">\u00a0 <\/span>XIX wieku, w kt\u00f3rych kwestia jedzenia by\u0142a traktowana na r\u00f3wni z g\u0142\u00f3wn\u0105 akcj\u0105 i sylwetkami bohater\u00f3w. Napisa\u0142 i wyda\u0142 tak\u017ce antologi\u0119 tekst\u00f3w kulinarnych oraz wst\u0119p do najs\u0142ynniejszej ksi\u0105\u017cki o kuchni francuskiej czyli ?Fizjologii smaku? A. Brillat-Savarina. Jak si\u0119 nazywa\u0142 \u00f3w pisarz?<\/span><\/span><\/p>\n<p class=\"MsoNormal\" style=\"margin: 0cm 0cm 0pt; line-height: 150%;\"><span style=\"font-family: Arial; mso-bidi-font-family: 'Times New Roman';\"><span style=\"font-size: small;\">I teraz jak zwykle kto pierwszy ten lepszy. Wysy\u0142ajcie odpowiedzi na sta\u0142y adres czyli <\/span><a href=\"mailto:internet@polityka.com.pl\"><span style=\"font-size: small;\">internet@polityka.com.pl<\/span><\/a><span style=\"font-size: small;\"><span style=\"mso-spacerun: yes;\">\u00a0\u00a0 <\/span>Dzi\u015b nagrod\u0105 b\u0119dzie nie &#8211; jak zwykle &#8211; ksi\u0105\u017cka lecz kalendarz wydany przez &#8222;Polityk\u0119&#8221; w formie ksi\u0105\u017ckowej z miejscem na notatki, telefony oraz szeregiem informacji niezb\u0119dnych w codziennym \u017cyciu. Bardzo to przydatne wydawnictwo zw\u0142aszcza dla zabieganych.<\/span><\/span><\/p>\n<p class=\"MsoNormal\" style=\"margin: 0cm 0cm 0pt; line-height: 150%;\"><span style=\"font-family: Arial; mso-bidi-font-family: 'Times New Roman';\"><span style=\"font-size: small;\">\u00a0<\/span><\/span><\/p>\n<p class=\"MsoNormal\" style=\"margin: 0cm 0cm 0pt; line-height: 150%;\"><span style=\"font-family: Arial; mso-bidi-font-family: 'Times New Roman';\"><span style=\"font-size: small;\">\u00a0<\/span><\/span><\/p>\n","protected":false},"excerpt":{"rendered":"<p>W pierwsz\u0105 niedziel\u0119 Nowego Roku go\u015bci\u0142em w fajnej audycji radiowej. &#8222;Zagadki literackie&#8221;\u00a0 to sta\u0142y punkt programu radiowej Dw\u00f3jki, s\u0105 one \u015bwietnie przygotowywane i zwykle z przyjemno\u015bci\u0105 ich s\u0142uchamy. Tym razem tematem by\u0142y zwi\u0105zki literatury z kuchni\u0105 wi\u0119c wyb\u00f3r pad\u0142 na mnie jako go\u015bcia zaznajomionego z tematem. Prowadz\u0105cy audycj\u0119 Tomasz Mo\u015bcicki i przygotowuj\u0105ce zagadki oraz nagrania [&hellip;]<\/p>\n","protected":false},"author":2,"featured_media":0,"comment_status":"open","ping_status":"open","sticky":false,"template":"","format":"standard","meta":{"footnotes":""},"categories":[1],"tags":[],"_links":{"self":[{"href":"https:\/\/blog.polityka.pl\/adamczewski\/wp-json\/wp\/v2\/posts\/720"}],"collection":[{"href":"https:\/\/blog.polityka.pl\/adamczewski\/wp-json\/wp\/v2\/posts"}],"about":[{"href":"https:\/\/blog.polityka.pl\/adamczewski\/wp-json\/wp\/v2\/types\/post"}],"author":[{"embeddable":true,"href":"https:\/\/blog.polityka.pl\/adamczewski\/wp-json\/wp\/v2\/users\/2"}],"replies":[{"embeddable":true,"href":"https:\/\/blog.polityka.pl\/adamczewski\/wp-json\/wp\/v2\/comments?post=720"}],"version-history":[{"count":0,"href":"https:\/\/blog.polityka.pl\/adamczewski\/wp-json\/wp\/v2\/posts\/720\/revisions"}],"wp:attachment":[{"href":"https:\/\/blog.polityka.pl\/adamczewski\/wp-json\/wp\/v2\/media?parent=720"}],"wp:term":[{"taxonomy":"category","embeddable":true,"href":"https:\/\/blog.polityka.pl\/adamczewski\/wp-json\/wp\/v2\/categories?post=720"},{"taxonomy":"post_tag","embeddable":true,"href":"https:\/\/blog.polityka.pl\/adamczewski\/wp-json\/wp\/v2\/tags?post=720"}],"curies":[{"name":"wp","href":"https:\/\/api.w.org\/{rel}","templated":true}]}}