
{"id":7267,"date":"2013-08-09T08:00:39","date_gmt":"2013-08-09T06:00:39","guid":{"rendered":"http:\/\/adamczewski.blog.polityka.pl\/?p=7267"},"modified":"2013-08-08T19:27:43","modified_gmt":"2013-08-08T17:27:43","slug":"komunikat-meteo-z-najgoretszego-dnia-lata-2013-r-miedzy-wisla-a-bugiem","status":"publish","type":"post","link":"https:\/\/blog.polityka.pl\/adamczewski\/2013\/08\/09\/komunikat-meteo-z-najgoretszego-dnia-lata-2013-r-miedzy-wisla-a-bugiem\/","title":{"rendered":"Komunikat meteo z najgor\u0119tszego dnia lata 2013 r miedzy Wis\u0142\u0105 a Bugiem"},"content":{"rendered":"<p>Czwartek, 8 sierpnia, godz. 5.55<br \/>\nNa skraju Puszczy Bia\u0142ej nad Narwi\u0105, 6 km. poni\u017cej Pu\u0142tuska temperatura 25 st. C. \u015aniadanie gotowe. Sok z pomara\u0144czy (m imo zakaz\u00f3w, bo to owoce bo\u017conarodzeniowe) wyci\u015bni\u0119ty. Do tego grzanki, mi\u00f3d, twaro\u017cek domowy i herbata.<\/p>\n<p><!--more-->Godz. 7. 30<br \/>\nDom zamkni\u0119ty, trawnik polany, pies napojony. Auto rusza na wsch\u00f3d.<br \/>\nMi\u0119dzy godzinami 7.40 a 9.40 w temperaturze rosn\u0105cej auto bie\u017cy na wsch\u00f3d i pokonuje odleg\u0142o\u015b\u0107 150 km. Docieramy do Siemiatycz.<br \/>\nGodz. 9.45\u00a0&#8211; 12 45, Siemiatycze, temperatura przekracza 30 st. C. Mimo gor\u0105ca zwiedzamy synagog\u0119 ( w remoncie i mieszcz\u0105c\u0105 dzi\u015b dom kultury), dom talmudyczny czyli zasadnicz\u0105 szko\u0142\u0119 zawodow\u0105\u00a0 , XVIII- wieczny ko\u015bci\u00f3\u0142 Wniebowst\u0105pienia, klasztor, kaplic\u0119 \u015bw. Anny(drewnian\u0105 i w remoncie) zdobi\u0105c\u0105 miejscowy cmentarz, kaplic\u0119 ewangelick\u0105 (tam\u017ce) pe\u0142ni\u0105ca rol\u0119 galerii sztuki i pi\u0119kn\u0105 cerkiew. Temperatura ro\u015bnie.<br \/>\nGodz. 13.oo<br \/>\nObiad w pensjonacie Cezar. Dania regionalne. (Opis w stosownej chwili).<br \/>\nGodz. 14.00, temperatura 35 st. C<br \/>\nDroga na \u015bw. G\u00f3r\u0119 Grabarka. Pobranie wody ze \u015bw. \u0179r\u00f3de\u0142ka, zwiedzenie cerkiewki i parku krzy\u017cy.<br \/>\nGodz. 15.00 droga powrotna z kr\u00f3tkim postojem w m\u0142ynie Repki pod Soko\u0142owem Podlaskim . Zakup m\u0105ki (chyba na ca\u0142\u0105 zim\u0119) i jazda do domu.<br \/>\nGodz. 17.00, temperatura pod domem\u00a0&#8211; od zachodu 40 st. C, od p\u00f3\u0142nocy 38 st. C. Skok do wody a potem na werand\u0119. Lodowate wino i do roboty.<br \/>\nDok\u0142adna relacja ze zdj\u0119ciami w stosownym momencie.<br \/>\nGodz. 19.09,\u00a0 temperatura 38,5 st. C. Utrata \u015bw&#8230;<\/p>\n","protected":false},"excerpt":{"rendered":"<p>Czwartek, 8 sierpnia, godz. 5.55 Na skraju Puszczy Bia\u0142ej nad Narwi\u0105, 6 km. poni\u017cej Pu\u0142tuska temperatura 25 st. C. \u015aniadanie gotowe. Sok z pomara\u0144czy (m imo zakaz\u00f3w, bo to owoce bo\u017conarodzeniowe) wyci\u015bni\u0119ty. Do tego grzanki, mi\u00f3d, twaro\u017cek domowy i herbata.<\/p>\n","protected":false},"author":2,"featured_media":0,"comment_status":"open","ping_status":"closed","sticky":false,"template":"","format":"standard","meta":{"footnotes":""},"categories":[1],"tags":[],"_links":{"self":[{"href":"https:\/\/blog.polityka.pl\/adamczewski\/wp-json\/wp\/v2\/posts\/7267"}],"collection":[{"href":"https:\/\/blog.polityka.pl\/adamczewski\/wp-json\/wp\/v2\/posts"}],"about":[{"href":"https:\/\/blog.polityka.pl\/adamczewski\/wp-json\/wp\/v2\/types\/post"}],"author":[{"embeddable":true,"href":"https:\/\/blog.polityka.pl\/adamczewski\/wp-json\/wp\/v2\/users\/2"}],"replies":[{"embeddable":true,"href":"https:\/\/blog.polityka.pl\/adamczewski\/wp-json\/wp\/v2\/comments?post=7267"}],"version-history":[{"count":5,"href":"https:\/\/blog.polityka.pl\/adamczewski\/wp-json\/wp\/v2\/posts\/7267\/revisions"}],"predecessor-version":[{"id":7269,"href":"https:\/\/blog.polityka.pl\/adamczewski\/wp-json\/wp\/v2\/posts\/7267\/revisions\/7269"}],"wp:attachment":[{"href":"https:\/\/blog.polityka.pl\/adamczewski\/wp-json\/wp\/v2\/media?parent=7267"}],"wp:term":[{"taxonomy":"category","embeddable":true,"href":"https:\/\/blog.polityka.pl\/adamczewski\/wp-json\/wp\/v2\/categories?post=7267"},{"taxonomy":"post_tag","embeddable":true,"href":"https:\/\/blog.polityka.pl\/adamczewski\/wp-json\/wp\/v2\/tags?post=7267"}],"curies":[{"name":"wp","href":"https:\/\/api.w.org\/{rel}","templated":true}]}}