
{"id":729,"date":"2009-01-21T08:00:09","date_gmt":"2009-01-21T07:00:09","guid":{"rendered":"http:\/\/adamczewski.blog.polityka.pl\/?p=729"},"modified":"2009-01-20T19:28:36","modified_gmt":"2009-01-20T18:28:36","slug":"zgadnij-co-gotujemy117","status":"publish","type":"post","link":"https:\/\/blog.polityka.pl\/adamczewski\/2009\/01\/21\/zgadnij-co-gotujemy117\/","title":{"rendered":"Zgadnij co gotujemy?(117)"},"content":{"rendered":"<p>Jak obieca\u0142em, tak zrobi\u0119. Dzi\u015b nagrod\u0105 quizow\u0105 b\u0119dzie\u00a0 opas\u0142a ksi\u0105\u017cka Jurija Wynnyczuka &#8222;Knajpy Lwowa&#8221;. W ubieg\u0142ym tygodniu mogli\u015bcie poczyta\u0107 jej fragmenty. Warto si\u0119gn\u0105\u0107 i po reszt\u0119. Ale zanim to nast\u0105pi trzeba odpowiedzie\u0107 na trzy pytania. Oto one:<\/p>\n<p>1 &#8211; W lwowskich knajpach bywa\u0142, po\u015br\u00f3d innych profesor\u00f3w tamtejszych wy\u017cszych uczelni, pewien matematyk, kt\u00f3ry p\u00f3\u017aniej by\u0142 kilkakrotnie premierem polskiego rz\u0105du (od przewrotu majowego pocz\u0105wszy). Kto to by\u0142?<\/p>\n<p>2\u00a0&#8211; W 1782 roku za\u0142o\u017cono jedn\u0105 z najs\u0142ynniejszych fabryk, kt\u00f3ra szczyci\u0142a si\u0119 i\u017c jest najstarszym zak\u0142adem przemys\u0142owym w kraju. By\u0142a to wytw\u00f3rnia w\u00f3dek. Jak si\u0119 nazywa\u0142a ta fabryka?<\/p>\n<p>3\u00a0&#8211; Po II wojnie mieszka\u0144cy Lwowa w znacznej grupie wyl\u0105dowali na tzw. Ziemiach Zachodnich. Wraz z nimi przew\u0119drowa\u0142y tak\u017ce lwowskie przepisy kulinarne i kucharze. Gdzie jest teraz najbardziej znana lwowska knajpa i jak si\u0119 ona nazywa?<\/p>\n<p>Kto zna odpowiedzi ten szybko wysy\u0142a je na adres <a href=\"mailto:internet@polityka.com.pl\">internet@polityka.com.pl<\/a>\u00a0 i czeka na listonosza z nagrod\u0105.<\/p>\n<p>\u00a0<\/p>\n","protected":false},"excerpt":{"rendered":"<p>Jak obieca\u0142em, tak zrobi\u0119. Dzi\u015b nagrod\u0105 quizow\u0105 b\u0119dzie\u00a0 opas\u0142a ksi\u0105\u017cka Jurija Wynnyczuka &#8222;Knajpy Lwowa&#8221;. W ubieg\u0142ym tygodniu mogli\u015bcie poczyta\u0107 jej fragmenty. Warto si\u0119gn\u0105\u0107 i po reszt\u0119. Ale zanim to nast\u0105pi trzeba odpowiedzie\u0107 na trzy pytania. Oto one: 1 &#8211; W lwowskich knajpach bywa\u0142, po\u015br\u00f3d innych profesor\u00f3w tamtejszych wy\u017cszych uczelni, pewien matematyk, kt\u00f3ry p\u00f3\u017aniej by\u0142 kilkakrotnie [&hellip;]<\/p>\n","protected":false},"author":2,"featured_media":0,"comment_status":"open","ping_status":"open","sticky":false,"template":"","format":"standard","meta":{"footnotes":""},"categories":[1],"tags":[],"_links":{"self":[{"href":"https:\/\/blog.polityka.pl\/adamczewski\/wp-json\/wp\/v2\/posts\/729"}],"collection":[{"href":"https:\/\/blog.polityka.pl\/adamczewski\/wp-json\/wp\/v2\/posts"}],"about":[{"href":"https:\/\/blog.polityka.pl\/adamczewski\/wp-json\/wp\/v2\/types\/post"}],"author":[{"embeddable":true,"href":"https:\/\/blog.polityka.pl\/adamczewski\/wp-json\/wp\/v2\/users\/2"}],"replies":[{"embeddable":true,"href":"https:\/\/blog.polityka.pl\/adamczewski\/wp-json\/wp\/v2\/comments?post=729"}],"version-history":[{"count":0,"href":"https:\/\/blog.polityka.pl\/adamczewski\/wp-json\/wp\/v2\/posts\/729\/revisions"}],"wp:attachment":[{"href":"https:\/\/blog.polityka.pl\/adamczewski\/wp-json\/wp\/v2\/media?parent=729"}],"wp:term":[{"taxonomy":"category","embeddable":true,"href":"https:\/\/blog.polityka.pl\/adamczewski\/wp-json\/wp\/v2\/categories?post=729"},{"taxonomy":"post_tag","embeddable":true,"href":"https:\/\/blog.polityka.pl\/adamczewski\/wp-json\/wp\/v2\/tags?post=729"}],"curies":[{"name":"wp","href":"https:\/\/api.w.org\/{rel}","templated":true}]}}