
{"id":734,"date":"2009-01-28T08:00:57","date_gmt":"2009-01-28T07:00:57","guid":{"rendered":"http:\/\/adamczewski.blog.polityka.pl\/?p=734"},"modified":"2009-01-18T15:26:39","modified_gmt":"2009-01-18T14:26:39","slug":"zgadnij-co-gotujemy118","status":"publish","type":"post","link":"https:\/\/blog.polityka.pl\/adamczewski\/2009\/01\/28\/zgadnij-co-gotujemy118\/","title":{"rendered":"Zgadnij co gotujemy?(118)"},"content":{"rendered":"<p>Na ekranach Europy \u015bwi\u0119ci triumfy film &#8222;Gomorra&#8221; nakr\u0119cony na podstawie ksi\u0105\u017cki neapolita\u0144skiego reportera Roberta Saviano. Przeczyta\u0142em t\u0119 ksi\u0105\u017ck\u0119 par\u0119 tygodni temu i do dzi\u015b nie mog\u0119 si\u0119 otrz\u0105sn\u0105\u0107 z atmosfery strachu, jaki wywo\u0142a\u0142a ta lektura. Zw\u0142aszcza, \u017ce znam opisywane okolice i nigdy si\u0119 nie zastanawia\u0142em podr\u00f3\u017cuj\u0105c po Kampanii nad tym kto jest w\u0142a\u015bcicielem hotelu, w kt\u00f3rym mieszkam czy trattorii, w kt\u00f3rej jem. Nie patrzy\u0142em te\u017c podejrzliwie na ch\u0142opak\u00f3w p\u0119dz\u0105cych skuterami przed, za i obok mojego auta. A teraz&#8230; Ba\u0107 si\u0119 nie b\u0119d\u0119, bo tury\u015bci i dla camorry s\u0105 dojn\u0105 (a wi\u0119c \u015bwi\u0119t\u0105) krow\u0105. Ale czy serek z firmy Parmalat b\u0119dzie mi smakowa\u0142 tak samo? S\u0105dz\u0119, \u017ce i Was zainteresuje ten temat, zw\u0142aszcza, \u017ce jest on zwi\u0105zany i z nasz\u0105 tematyk\u0105 kulinarn\u0105. Dzi\u015b wi\u0119c nagrod\u0105 w quizie b\u0119dzie ksi\u0105\u017cka Roberto Saviano &#8222;Gomorra&#8221;. Trzeba tylko odpowiedzie\u0107 na trzy pytania:<\/p>\n<p>1 &#8211; Na stokach Wezuwiusza s\u0105 liczne winnice. Wina tutejsze maj\u0105 status DOC Vesuvio i wielu mi\u0142o\u015bnik\u00f3w nie tylko w Kampanii. Jaki szczep kr\u00f3luje w tych winnicach?<\/p>\n<p>2 &#8211;\u00a0 Jak nazywa si\u0119 sardy\u0144ski chlebek przypominaj\u0105cy wygladem mac\u0119 lub polskie podp\u0142omyki?<\/p>\n<p>3 &#8211; Na weneckiej lagunie jest wiele wysp i wysepek. Dwie z nich\u00a0&#8211; Murano i Burano\u00a0&#8211; s\u0142yn\u0105 nie tylko z doskona\u0142ej kuchni ale tak\u017ce z charakterystycznych wyrob\u00f3w tamtejszych rzemie\u015blnik\u00f3w-artyst\u00f3w. O jakie wyroby chodzi?<\/p>\n<p>Kto zna odpowiedzi na wszystkie trzy pytania i chce mie\u0107 ksi\u0105\u017ck\u0119 Saviano niech spieszy do komputera i wysy\u0142a list na adres\u00a0 <a href=\"mailto:internet@polityka.com.pl\">internet@polityka.com.pl<\/a>\u00a0 Jak wiadomo kto pierwszy ten lepszy!<\/p>\n","protected":false},"excerpt":{"rendered":"<p>Na ekranach Europy \u015bwi\u0119ci triumfy film &#8222;Gomorra&#8221; nakr\u0119cony na podstawie ksi\u0105\u017cki neapolita\u0144skiego reportera Roberta Saviano. Przeczyta\u0142em t\u0119 ksi\u0105\u017ck\u0119 par\u0119 tygodni temu i do dzi\u015b nie mog\u0119 si\u0119 otrz\u0105sn\u0105\u0107 z atmosfery strachu, jaki wywo\u0142a\u0142a ta lektura. Zw\u0142aszcza, \u017ce znam opisywane okolice i nigdy si\u0119 nie zastanawia\u0142em podr\u00f3\u017cuj\u0105c po Kampanii nad tym kto jest w\u0142a\u015bcicielem hotelu, w [&hellip;]<\/p>\n","protected":false},"author":2,"featured_media":0,"comment_status":"open","ping_status":"open","sticky":false,"template":"","format":"standard","meta":{"footnotes":""},"categories":[1],"tags":[],"_links":{"self":[{"href":"https:\/\/blog.polityka.pl\/adamczewski\/wp-json\/wp\/v2\/posts\/734"}],"collection":[{"href":"https:\/\/blog.polityka.pl\/adamczewski\/wp-json\/wp\/v2\/posts"}],"about":[{"href":"https:\/\/blog.polityka.pl\/adamczewski\/wp-json\/wp\/v2\/types\/post"}],"author":[{"embeddable":true,"href":"https:\/\/blog.polityka.pl\/adamczewski\/wp-json\/wp\/v2\/users\/2"}],"replies":[{"embeddable":true,"href":"https:\/\/blog.polityka.pl\/adamczewski\/wp-json\/wp\/v2\/comments?post=734"}],"version-history":[{"count":0,"href":"https:\/\/blog.polityka.pl\/adamczewski\/wp-json\/wp\/v2\/posts\/734\/revisions"}],"wp:attachment":[{"href":"https:\/\/blog.polityka.pl\/adamczewski\/wp-json\/wp\/v2\/media?parent=734"}],"wp:term":[{"taxonomy":"category","embeddable":true,"href":"https:\/\/blog.polityka.pl\/adamczewski\/wp-json\/wp\/v2\/categories?post=734"},{"taxonomy":"post_tag","embeddable":true,"href":"https:\/\/blog.polityka.pl\/adamczewski\/wp-json\/wp\/v2\/tags?post=734"}],"curies":[{"name":"wp","href":"https:\/\/api.w.org\/{rel}","templated":true}]}}