
{"id":7401,"date":"2013-09-06T07:00:55","date_gmt":"2013-09-06T05:00:55","guid":{"rendered":"http:\/\/adamczewski.blog.polityka.pl\/?p=7401"},"modified":"2013-09-03T15:06:47","modified_gmt":"2013-09-03T13:06:47","slug":"lepiej-pozno-niz-wcale","status":"publish","type":"post","link":"https:\/\/blog.polityka.pl\/adamczewski\/2013\/09\/06\/lepiej-pozno-niz-wcale\/","title":{"rendered":"Lepiej p\u00f3\u017ano ni\u017c wcale"},"content":{"rendered":"<p>To powiedzonko doskonale pasuje do napoju o kt\u00f3rym chc\u0119 dzi\u015b opowiedzie\u0107. Ot\u00f3\u017c jest to znany w naszym kraju od ponad 1000 lat kwas chlebowy. Wprawdzie o kwasie tym ju\u017c rozmawiali\u015bmy jaki\u015b czas temu ale w\u0142a\u015bnie teraz na rynku pojawi\u0142a si\u0119 jego ca\u0142kiem nowa odmiana.<\/p>\n<p><!--more-->To razowy kwas chlebowy, w stu procentach naturalny i bezalkoholowy\u00a0 nap\u00f3j gazowany, robiony z j\u0119czmienia i \u017cyta z dodatkiem dwutlenku w\u0119gla. Tym za\u015b r\u00f3\u017cni si\u0119 od obecnych dot\u0105d na rynku kwas\u00f3w chlebowych, \u017ce mo\u017cna wybra\u0107 kwas o smaku normalnym czyli z lekkim aromatem pieczonego chleba i smakiem karmelu lub o smaku \u017curawinowym albo \u015bliwkowym. Te dwa warianty owocowe uzyskiwane s\u0105 dzi\u0119ki dodawaniu naturalnych sok\u00f3w z tych owoc\u00f3w.<\/p>\n<p><a href=\"\/wp-content\/uploads\/2013\/09\/Kwas-chlebowy-razowy.jpg\"><img loading=\"lazy\" decoding=\"async\" class=\"aligncenter size-medium wp-image-7403\" title=\"OLYMPUS DIGITAL CAMERA\" src=\"\/wp-content\/uploads\/2013\/09\/Kwas-chlebowy-razowy-225x300.jpg\" alt=\"\" width=\"225\" height=\"300\" srcset=\"\/adamczewski\/wp-content\/uploads\/2013\/09\/Kwas-chlebowy-razowy-225x300.jpg 225w, \/adamczewski\/wp-content\/uploads\/2013\/09\/Kwas-chlebowy-razowy.jpg 360w\" sizes=\"(max-width: 225px) 100vw, 225px\" \/><\/a><em>Fot. P. Adamczewski<br \/>\n<\/em>Pi\u0142em wszystkie trzy rodzaje i najbardziej przypad\u0142 mi do gustu ten \u017curawinowy. Cho\u0107 przyzna\u0107 musz\u0119 \u017ce i dwa pozosta\u0142e sprawiaj\u0105 przyjemno\u015b\u0107 oraz dobrze gasz\u0105 pragnienie.<br \/>\nA porzekad\u0142o w tytule jest st\u0105d, \u017ce wprowadzanie napoju ch\u0142odz\u0105cego w ch\u0142odnej fazie lata, a w\u0142a\u015bciwie prawie na jesieni jest nie najlepszym pomys\u0142em. Cho\u0107 (tu czyta\u0107 nale\u017cy tytu\u0142 i \u0142ykn\u0105\u0107 razowego kwasu)&#8230; ale za rok zn\u00f3w b\u0119dzie lato. Podobno!<\/p>\n","protected":false},"excerpt":{"rendered":"<p>To powiedzonko doskonale pasuje do napoju o kt\u00f3rym chc\u0119 dzi\u015b opowiedzie\u0107. Ot\u00f3\u017c jest to znany w naszym kraju od ponad 1000 lat kwas chlebowy. Wprawdzie o kwasie tym ju\u017c rozmawiali\u015bmy jaki\u015b czas temu ale w\u0142a\u015bnie teraz na rynku pojawi\u0142a si\u0119 jego ca\u0142kiem nowa odmiana.<\/p>\n","protected":false},"author":2,"featured_media":0,"comment_status":"open","ping_status":"closed","sticky":false,"template":"","format":"standard","meta":{"footnotes":""},"categories":[1],"tags":[],"_links":{"self":[{"href":"https:\/\/blog.polityka.pl\/adamczewski\/wp-json\/wp\/v2\/posts\/7401"}],"collection":[{"href":"https:\/\/blog.polityka.pl\/adamczewski\/wp-json\/wp\/v2\/posts"}],"about":[{"href":"https:\/\/blog.polityka.pl\/adamczewski\/wp-json\/wp\/v2\/types\/post"}],"author":[{"embeddable":true,"href":"https:\/\/blog.polityka.pl\/adamczewski\/wp-json\/wp\/v2\/users\/2"}],"replies":[{"embeddable":true,"href":"https:\/\/blog.polityka.pl\/adamczewski\/wp-json\/wp\/v2\/comments?post=7401"}],"version-history":[{"count":3,"href":"https:\/\/blog.polityka.pl\/adamczewski\/wp-json\/wp\/v2\/posts\/7401\/revisions"}],"predecessor-version":[{"id":7404,"href":"https:\/\/blog.polityka.pl\/adamczewski\/wp-json\/wp\/v2\/posts\/7401\/revisions\/7404"}],"wp:attachment":[{"href":"https:\/\/blog.polityka.pl\/adamczewski\/wp-json\/wp\/v2\/media?parent=7401"}],"wp:term":[{"taxonomy":"category","embeddable":true,"href":"https:\/\/blog.polityka.pl\/adamczewski\/wp-json\/wp\/v2\/categories?post=7401"},{"taxonomy":"post_tag","embeddable":true,"href":"https:\/\/blog.polityka.pl\/adamczewski\/wp-json\/wp\/v2\/tags?post=7401"}],"curies":[{"name":"wp","href":"https:\/\/api.w.org\/{rel}","templated":true}]}}