
{"id":743,"date":"2009-02-04T08:00:39","date_gmt":"2009-02-04T07:00:39","guid":{"rendered":"http:\/\/adamczewski.blog.polityka.pl\/?p=743"},"modified":"2009-01-21T12:12:41","modified_gmt":"2009-01-21T11:12:41","slug":"zgadnij-co-gotujemy119","status":"publish","type":"post","link":"https:\/\/blog.polityka.pl\/adamczewski\/2009\/02\/04\/zgadnij-co-gotujemy119\/","title":{"rendered":"Zgadnij co gotujemy?(119)"},"content":{"rendered":"<p>Po raz kolejny pr\u00f3buj\u0119 si\u0142 w zagadkach wi\u0105\u017c\u0105cych literatur\u0119 i kuchni\u0119. Mam nadziej\u0119, \u017ce tym razem ob\u0119dzie si\u0119 bez kompromitacji i to Wy b\u0119dziecie musieli poda\u0107 odpowiedzi a nie ja wydrukuj\u0119 je przed czasem. Oto pytania:<br \/>\n1 &#8211; Niemiec, gda\u0144szczanin, laureat Nagrody Nobla, napisa\u0142 wspania\u0142\u0105 ksi\u0105\u017ck\u0119, kt\u00f3rej tytu\u0142em jest imi\u0119 pewnej bardzo smacznej ryby p\u0142ywaj\u0105cej tak\u017ce i w Ba\u0142tyku. Jaki to tytu\u0142?<br \/>\n2 &#8211; Antoni Czechow napisa\u0142 niezwykle smakowite opowiadanie niemal w ca\u0142o\u015bci po\u015bwi\u0119cone opisowi bogato zastawionego sto\u0142u, w kt\u00f3rym o ulubionych smako\u0142ykach rozmawiaj\u0105 dwaj prawnicy. Jaki tytu\u0142 nosi to opowiadanie?<br \/>\n3 &#8211; Ma\u0142o kt\u00f3ry poeta zajmowa\u0142 si\u0119 nasz\u0105 ulubion\u0105 tematyk\u0105. Ale czasami. Kto jest autorem tych s\u0142\u00f3w:<br \/>\n\u00a0&#8222;Zr\u00f3b pulpety, posyp pieprzem,<br \/>\nMajerankiem i pietruszk\u0105,<br \/>\nJak dyktuje ci serduszko.<br \/>\nDodaj imbir, dosyp soli<br \/>\nI na talerz k\u0142ad\u017a do woli,<br \/>\nBy si\u0119 go\u015bcie czuli zdrowo,<br \/>\nPodaj czyst\u0105 wyborow\u0105.&#8221;<br \/>\nKto zna dobre odpowiedzi ten przy komputerze siedzi. I wysy\u0142a list na adres\u00a0 <a href=\"mailto:internet@polityka.com.pl\">internet@polityka.com.pl<\/a>\u00a0\u00a0 A kto pierwszy ten lepszy. I ten otrzyma nagrod\u0119. Jest to ksi\u0105\u017cka, o kt\u00f3rej ju\u017c tu pisa\u0142em\u00a0&#8211; &#8222;W kuchni u Kr\u0119glickich&#8221; napisana przez rodze\u0144stwo restaurator\u00f3w Agnieszk\u0119 i Marcina a zilustrowana przez Miko\u0142aja Grynberga. W dodatku z autografami autor\u00f3w. Warto wi\u0119c o ni\u0105 powalczy\u0107.<\/p>\n<p>\u00a0<\/p>\n<p>\u00a0<\/p>\n","protected":false},"excerpt":{"rendered":"<p>Po raz kolejny pr\u00f3buj\u0119 si\u0142 w zagadkach wi\u0105\u017c\u0105cych literatur\u0119 i kuchni\u0119. Mam nadziej\u0119, \u017ce tym razem ob\u0119dzie si\u0119 bez kompromitacji i to Wy b\u0119dziecie musieli poda\u0107 odpowiedzi a nie ja wydrukuj\u0119 je przed czasem. Oto pytania: 1 &#8211; Niemiec, gda\u0144szczanin, laureat Nagrody Nobla, napisa\u0142 wspania\u0142\u0105 ksi\u0105\u017ck\u0119, kt\u00f3rej tytu\u0142em jest imi\u0119 pewnej bardzo smacznej ryby p\u0142ywaj\u0105cej [&hellip;]<\/p>\n","protected":false},"author":2,"featured_media":0,"comment_status":"open","ping_status":"open","sticky":false,"template":"","format":"standard","meta":{"footnotes":""},"categories":[1],"tags":[],"_links":{"self":[{"href":"https:\/\/blog.polityka.pl\/adamczewski\/wp-json\/wp\/v2\/posts\/743"}],"collection":[{"href":"https:\/\/blog.polityka.pl\/adamczewski\/wp-json\/wp\/v2\/posts"}],"about":[{"href":"https:\/\/blog.polityka.pl\/adamczewski\/wp-json\/wp\/v2\/types\/post"}],"author":[{"embeddable":true,"href":"https:\/\/blog.polityka.pl\/adamczewski\/wp-json\/wp\/v2\/users\/2"}],"replies":[{"embeddable":true,"href":"https:\/\/blog.polityka.pl\/adamczewski\/wp-json\/wp\/v2\/comments?post=743"}],"version-history":[{"count":0,"href":"https:\/\/blog.polityka.pl\/adamczewski\/wp-json\/wp\/v2\/posts\/743\/revisions"}],"wp:attachment":[{"href":"https:\/\/blog.polityka.pl\/adamczewski\/wp-json\/wp\/v2\/media?parent=743"}],"wp:term":[{"taxonomy":"category","embeddable":true,"href":"https:\/\/blog.polityka.pl\/adamczewski\/wp-json\/wp\/v2\/categories?post=743"},{"taxonomy":"post_tag","embeddable":true,"href":"https:\/\/blog.polityka.pl\/adamczewski\/wp-json\/wp\/v2\/tags?post=743"}],"curies":[{"name":"wp","href":"https:\/\/api.w.org\/{rel}","templated":true}]}}