
{"id":7431,"date":"2013-09-16T07:00:09","date_gmt":"2013-09-16T05:00:09","guid":{"rendered":"http:\/\/adamczewski.blog.polityka.pl\/?p=7431"},"modified":"2013-09-16T11:32:03","modified_gmt":"2013-09-16T09:32:03","slug":"smazone-suszone-i-blanszowane","status":"publish","type":"post","link":"https:\/\/blog.polityka.pl\/adamczewski\/2013\/09\/16\/smazone-suszone-i-blanszowane\/","title":{"rendered":"Sma\u017cone, suszone i blanszowane"},"content":{"rendered":"<p><a href=\"\/wp-content\/uploads\/2013\/09\/\u0141ecino-Borowik-spory.jpg\"><img loading=\"lazy\" decoding=\"async\" class=\"aligncenter size-medium wp-image-7437\" title=\"OLYMPUS DIGITAL CAMERA\" src=\"\/wp-content\/uploads\/2013\/09\/\u0141ecino-Borowik-spory-300x225.jpg\" alt=\"\" width=\"300\" height=\"225\" srcset=\"\/adamczewski\/wp-content\/uploads\/2013\/09\/\u0141ecino-Borowik-spory-300x225.jpg 300w, \/adamczewski\/wp-content\/uploads\/2013\/09\/\u0141ecino-Borowik-spory.jpg 640w\" sizes=\"(max-width: 300px) 100vw, 300px\" \/><\/a><\/p>\n<p>Chyba w czwartek pyta\u0142(a) Jolinek o grzyby w moim lesie. Nie mog\u0142em jej odpowiedzie\u0107, bo ca\u0142y czas \u0142azi\u0142em na czworaka pod ga\u0142\u0119ziami modrzewi i sosen a tak\u017ce pod buczyn\u0105 i czo\u0142ga\u0142em si\u0119 w g\u0119stwinie ostrych traw. A wszystko to w\u0142a\u015bnie w poszukiwaniu grzyb\u00f3w.<\/p>\n<p><!--more--><br \/>\n<a href=\"\/wp-content\/uploads\/2013\/09\/\u0141\u0119cino-grzyby-2013.jpg\"><img loading=\"lazy\" decoding=\"async\" class=\"aligncenter size-medium wp-image-7438\" title=\"OLYMPUS DIGITAL CAMERA\" src=\"\/wp-content\/uploads\/2013\/09\/\u0141\u0119cino-grzyby-2013-300x225.jpg\" alt=\"\" width=\"300\" height=\"225\" srcset=\"\/adamczewski\/wp-content\/uploads\/2013\/09\/\u0141\u0119cino-grzyby-2013-300x225.jpg 300w, \/adamczewski\/wp-content\/uploads\/2013\/09\/\u0141\u0119cino-grzyby-2013.jpg 640w\" sizes=\"(max-width: 300px) 100vw, 300px\" \/><\/a><\/p>\n<p>Potem kilka godzin po\u015bwiecili\u015bmy obydwoje na czyszczenie tego co przynie\u015bli\u015bmy w koszykach i dzielenie na trzy kupki: najpi\u0119kniejsze prawdziwki\u00a0&#8211; do sma\u017cenia na najbli\u017cszy obiad; nieco brzydsze (mogli\u015bmy przebiera\u0107 i wybiera\u0107) w towarzystwie licznej grupy podgrzybk\u00f3w\u00a0&#8211; do suszenia; najtwardsze i te\u017c bardzo urodziwe podgrzybki &#8211; do blanszowania a po wystudzeniu do zamro\u017cenia w porcjach r\u00f3\u017cnej wielko\u015bci czyli na r\u00f3\u017cne przyj\u0119cia. Ca\u0142kiem osobna podgrup\u0119 stanowi\u0142y kurki r\u00f3wnie\u017c licznie reprezentowane.<\/p>\n<p><img loading=\"lazy\" decoding=\"async\" class=\"aligncenter size-medium wp-image-7439\" title=\"OLYMPUS DIGITAL CAMERA\" src=\"\/wp-content\/uploads\/2013\/09\/\u0141\u0119cino-kurki-300x225.jpg\" alt=\"\" width=\"300\" height=\"225\" srcset=\"\/adamczewski\/wp-content\/uploads\/2013\/09\/\u0141\u0119cino-kurki-300x225.jpg 300w, \/adamczewski\/wp-content\/uploads\/2013\/09\/\u0141\u0119cino-kurki.jpg 640w\" sizes=\"(max-width: 300px) 100vw, 300px\" \/>Te najpi\u0119kniejsze zosta\u0142y za\u0142adowane do ozdobnego koszyczka i pow\u0119drowa\u0142y na \u017boliborz do naszych przyjaci\u00f3\u0142, zamiast kwiat\u00f3w, kt\u00f3rych na wsi brak a my na kolacj\u0119 jechali\u015bmy prosto z lasu.<br \/>\nPoniewa\u017c od \u015brody a\u017c do poniedzia\u0142ku znowu siedzimy nad Narwi\u0105, to mam nadziej\u0119, \u017ce grzybobranie uda si\u0119 powt\u00f3rzy\u0107 i stali odbiorcy naszych suszonych nie b\u0119d\u0105 mieli powodu do narzeka\u0144.<\/p>\n<p><a href=\"\/wp-content\/uploads\/2013\/09\/\u0141\u0119cino-zbi\u00f3r-2013.jpg\"><img loading=\"lazy\" decoding=\"async\" class=\"aligncenter size-medium wp-image-7440\" title=\"OLYMPUS DIGITAL CAMERA\" src=\"\/wp-content\/uploads\/2013\/09\/\u0141\u0119cino-zbi\u00f3r-2013-225x300.jpg\" alt=\"\" width=\"225\" height=\"300\" srcset=\"\/adamczewski\/wp-content\/uploads\/2013\/09\/\u0141\u0119cino-zbi\u00f3r-2013-225x300.jpg 225w, \/adamczewski\/wp-content\/uploads\/2013\/09\/\u0141\u0119cino-zbi\u00f3r-2013.jpg 480w\" sizes=\"(max-width: 225px) 100vw, 225px\" \/><\/a><\/p>\n<p><em>Fot. P. Adamczewski<\/em><\/p>\n<p>Pozosta\u0142ym znajomym, przyjacio\u0142om i bywalcom blogu pozostaje tylko rzucenie okiem na to co wyros\u0142o w naszym lesie.<\/p>\n<p><a href=\"\/wp-content\/uploads\/2013\/09\/Borowiki.jpg\"><img loading=\"lazy\" decoding=\"async\" class=\"aligncenter size-medium wp-image-7444\" title=\"OLYMPUS DIGITAL CAMERA\" src=\"\/wp-content\/uploads\/2013\/09\/Borowiki-300x225.jpg\" alt=\"\" width=\"300\" height=\"225\" srcset=\"\/adamczewski\/wp-content\/uploads\/2013\/09\/Borowiki-300x225.jpg 300w, \/adamczewski\/wp-content\/uploads\/2013\/09\/Borowiki.jpg 640w\" sizes=\"(max-width: 300px) 100vw, 300px\" \/><\/a><\/p>\n<p><a href=\"\/wp-content\/uploads\/2013\/09\/Borowiki-dwa.jpg\"><img loading=\"lazy\" decoding=\"async\" class=\"aligncenter size-medium wp-image-7445\" title=\"OLYMPUS DIGITAL CAMERA\" src=\"\/wp-content\/uploads\/2013\/09\/Borowiki-dwa-300x225.jpg\" alt=\"\" width=\"300\" height=\"225\" srcset=\"\/adamczewski\/wp-content\/uploads\/2013\/09\/Borowiki-dwa-300x225.jpg 300w, \/adamczewski\/wp-content\/uploads\/2013\/09\/Borowiki-dwa.jpg 640w\" sizes=\"(max-width: 300px) 100vw, 300px\" \/><\/a><\/p>\n","protected":false},"excerpt":{"rendered":"<p>Chyba w czwartek pyta\u0142(a) Jolinek o grzyby w moim lesie. Nie mog\u0142em jej odpowiedzie\u0107, bo ca\u0142y czas \u0142azi\u0142em na czworaka pod ga\u0142\u0119ziami modrzewi i sosen a tak\u017ce pod buczyn\u0105 i czo\u0142ga\u0142em si\u0119 w g\u0119stwinie ostrych traw. A wszystko to w\u0142a\u015bnie w poszukiwaniu grzyb\u00f3w.<\/p>\n","protected":false},"author":2,"featured_media":0,"comment_status":"open","ping_status":"closed","sticky":false,"template":"","format":"standard","meta":{"footnotes":""},"categories":[1],"tags":[],"_links":{"self":[{"href":"https:\/\/blog.polityka.pl\/adamczewski\/wp-json\/wp\/v2\/posts\/7431"}],"collection":[{"href":"https:\/\/blog.polityka.pl\/adamczewski\/wp-json\/wp\/v2\/posts"}],"about":[{"href":"https:\/\/blog.polityka.pl\/adamczewski\/wp-json\/wp\/v2\/types\/post"}],"author":[{"embeddable":true,"href":"https:\/\/blog.polityka.pl\/adamczewski\/wp-json\/wp\/v2\/users\/2"}],"replies":[{"embeddable":true,"href":"https:\/\/blog.polityka.pl\/adamczewski\/wp-json\/wp\/v2\/comments?post=7431"}],"version-history":[{"count":5,"href":"https:\/\/blog.polityka.pl\/adamczewski\/wp-json\/wp\/v2\/posts\/7431\/revisions"}],"predecessor-version":[{"id":7446,"href":"https:\/\/blog.polityka.pl\/adamczewski\/wp-json\/wp\/v2\/posts\/7431\/revisions\/7446"}],"wp:attachment":[{"href":"https:\/\/blog.polityka.pl\/adamczewski\/wp-json\/wp\/v2\/media?parent=7431"}],"wp:term":[{"taxonomy":"category","embeddable":true,"href":"https:\/\/blog.polityka.pl\/adamczewski\/wp-json\/wp\/v2\/categories?post=7431"},{"taxonomy":"post_tag","embeddable":true,"href":"https:\/\/blog.polityka.pl\/adamczewski\/wp-json\/wp\/v2\/tags?post=7431"}],"curies":[{"name":"wp","href":"https:\/\/api.w.org\/{rel}","templated":true}]}}