
{"id":7493,"date":"2013-09-26T07:00:12","date_gmt":"2013-09-26T05:00:12","guid":{"rendered":"http:\/\/adamczewski.blog.polityka.pl\/?p=7493"},"modified":"2013-09-26T08:10:15","modified_gmt":"2013-09-26T06:10:15","slug":"wkrotce-bede-ogrodnikiem-byc-moze","status":"publish","type":"post","link":"https:\/\/blog.polityka.pl\/adamczewski\/2013\/09\/26\/wkrotce-bede-ogrodnikiem-byc-moze\/","title":{"rendered":"Wkr\u00f3tce (by\u0107 mo\u017ce) b\u0119d\u0119 ogrodnikiem"},"content":{"rendered":"<p>Zawsze zarzeka\u0142em si\u0119, \u017ce mnie ogrodnictwo nie interesuje. I mia\u0142em nadziej\u0119, \u017ce w tej niech\u0119ci do szpadla i grabi wytrwam na zawsze. Tymczasem sytuacja uleg\u0142a radykalnej zmianie gdy dosta\u0142em w prezencie drzewko (a mo\u017ce raczej krzew?) pigwowe. \u00d3w zielony prezent dosta\u0142em od znajomych zajmuj\u0105cych si\u0119 produkcj\u0105 i handlem alkoholem. A do drzewka do\u0142\u0105czona by\u0142a male\u0144ka butelka Soplicy&#8230; pigwowej.<\/p>\n<p><!--more--><br \/>\nPo spr\u00f3bowaniu uzna\u0142em, \u017ce je\u015bli i ja b\u0119d\u0119 m\u00f3g\u0142 produkowa\u0107 podobny trunek, to warto zaryzykowa\u0107. Zw\u0142aszcza, \u017ce moi s\u0105siedzi wiejscy maj\u0105 kilka krzew\u00f3w pigwy i wielokrotnie mog\u0142em kosztowa\u0107 ich pigw\u00f3wki. Te\u017c by\u0142y doskona\u0142e.<br \/>\n<a href=\"\/wp-content\/uploads\/2013\/09\/pigwa_drzewko.jpg\"><img loading=\"lazy\" decoding=\"async\" class=\"alignleft size-medium wp-image-7510\" title=\"pigwa_drzewko\" src=\"\/wp-content\/uploads\/2013\/09\/pigwa_drzewko-162x300.jpg\" alt=\"\" width=\"162\" height=\"300\" srcset=\"\/adamczewski\/wp-content\/uploads\/2013\/09\/pigwa_drzewko-162x300.jpg 162w, \/adamczewski\/wp-content\/uploads\/2013\/09\/pigwa_drzewko.jpg 215w\" sizes=\"(max-width: 162px) 100vw, 162px\" \/><\/a>Zacz\u0105\u0142em wi\u0119c od lektury na temat zalet tych znanych w Polsce od wiek\u00f3w owoc\u00f3w i metod ich przerabiania na d\u017cemy i\u00a0&#8211; przede wszystkim\u00a0&#8211; trunek.<br \/>\nOto co wyczyta\u0142em: drzewko pigwowe to prawdziwa ozdoba ogrodu lub sadu &#8211; jego kwiaty cudownie pachn\u0105.<br \/>\nOwoce pigwy zawieraj\u0105 wiele witamin. Zmniejszaj\u0105 dolegliwo\u015bci uk\u0142adu pokarmowego oraz korzystnie wp\u0142ywaj\u0105 na such\u0105 i sp\u0119kana sk\u00f3r\u0119.<br \/>\nZ pigwy sporz\u0105dza si\u0119 wyci\u0105g stosowany w przypadku niedokrwisto\u015bci, z kolei syrop pigwowy pomaga w infekcjach gard\u0142a. Kora tej ro\u015bliny wykorzystywana jest do dezynfekcji trudno goj\u0105cych si\u0119 ran.<br \/>\nPigwa idealnie nadaje si\u0119 do przetwor\u00f3w, konfitur, d\u017cem\u00f3w, nalewek, galaretek i sok\u00f3w, a tak\u017ce jako dodatek do ciast i herbaty. Pigwa dzia\u0142a korzystnie na serce i obni\u017ca ci\u015bnienie. Dlatego robi si\u0119 z niej nalewki.<br \/>\nPigw\u0119 nale\u017cy posadzi\u0107 na glebie \u017cyznej, a w idealnych warunkach tak\u017ce lekko kwa\u015bnej (\u017ceby zmieni\u0107 odczyn jej kwasowo\u015bci,<br \/>\nmo\u017cna u\u017cy\u0107 torfu).<br \/>\nDrzewko lubi ciep\u0142o i nie jest mrozoodporne. Powinno si\u0119 je zasadzi\u0107 w miejscu z dobrym dost\u0119pem do s\u0142o\u0144ca.<br \/>\nPigwa wymaga wilgotnego pod\u0142o\u017ca, dlatego trzeba pami\u0119ta\u0107 ojej regularnym podlewaniu (3 &#8211; 4 razy w tygodniu).<br \/>\nWa\u017cnym elementem uprawy pigwy jest jej przycinanie. Drzewko powinno si\u0119 przycina\u0107 wczesn\u0105 wiosn\u0105, przy czym najwi\u0119ksze ci\u0119cia nale\u017cy wykona\u0107 w pocz\u0105tkowych latach po jego zasadzeniu celem uformowania ro\u015bliny.<br \/>\nM\u0142od\u0105 ro\u015blin\u0119 trzeba zabezpieczy\u0107 na zim\u0119. Aby tego dokona\u0107, trzeba przykry\u0107 jej korzenie kor\u0105.<br \/>\n<a href=\"\/wp-content\/uploads\/2013\/09\/pigwa_owoce.jpg\"><img loading=\"lazy\" decoding=\"async\" class=\"alignleft size-medium wp-image-7511\" title=\"pigwa_owoce\" src=\"\/wp-content\/uploads\/2013\/09\/pigwa_owoce-219x300.jpg\" alt=\"\" width=\"219\" height=\"300\" srcset=\"\/adamczewski\/wp-content\/uploads\/2013\/09\/pigwa_owoce-219x300.jpg 219w, \/adamczewski\/wp-content\/uploads\/2013\/09\/pigwa_owoce.jpg 279w\" sizes=\"(max-width: 219px) 100vw, 219px\" \/><\/a>Owoce pigwy dojrzewaj\u0105 jesieni\u0105 i ich zbiory mog\u0105 si\u0119 odby\u0107 tylko wtedy. R\u00f3wnie\u017c tego roku owoce dojrzewa\u0107 b\u0119d\u0105 w ciep\u0142ych promieniach s\u0142o\u0144ca przez d\u0142ugi czas, czekaj\u0105c na zebranie.<br \/>\nTeraz tylko\u00a0&#8211; bo drzewko ju\u017c jest w ogrodzie\u00a0&#8211; musz\u0119 wytrwa\u0107 trzy lub cztery lata, by zebra\u0107 pierwsze plony. Mam nadziej\u0119, \u017ce rezultaty b\u0119d\u0105 lepsze ni\u017c w przypadku topinamburu, kt\u00f3ry wyr\u00f3s\u0142 pi\u0119knie ale ani nie zakwit\u0142, ani bulw do zebrania nie wyda\u0142. Znawcy twierdz\u0105, \u017ce musz\u0119 poczeka\u0107 do przysz\u0142ego roku. Poczekamy, zobaczymy.<\/p>\n","protected":false},"excerpt":{"rendered":"<p>Zawsze zarzeka\u0142em si\u0119, \u017ce mnie ogrodnictwo nie interesuje. I mia\u0142em nadziej\u0119, \u017ce w tej niech\u0119ci do szpadla i grabi wytrwam na zawsze. Tymczasem sytuacja uleg\u0142a radykalnej zmianie gdy dosta\u0142em w prezencie drzewko (a mo\u017ce raczej krzew?) pigwowe. \u00d3w zielony prezent dosta\u0142em od znajomych zajmuj\u0105cych si\u0119 produkcj\u0105 i handlem alkoholem. A do drzewka do\u0142\u0105czona by\u0142a male\u0144ka [&hellip;]<\/p>\n","protected":false},"author":2,"featured_media":0,"comment_status":"open","ping_status":"closed","sticky":false,"template":"","format":"standard","meta":{"footnotes":""},"categories":[1],"tags":[],"_links":{"self":[{"href":"https:\/\/blog.polityka.pl\/adamczewski\/wp-json\/wp\/v2\/posts\/7493"}],"collection":[{"href":"https:\/\/blog.polityka.pl\/adamczewski\/wp-json\/wp\/v2\/posts"}],"about":[{"href":"https:\/\/blog.polityka.pl\/adamczewski\/wp-json\/wp\/v2\/types\/post"}],"author":[{"embeddable":true,"href":"https:\/\/blog.polityka.pl\/adamczewski\/wp-json\/wp\/v2\/users\/2"}],"replies":[{"embeddable":true,"href":"https:\/\/blog.polityka.pl\/adamczewski\/wp-json\/wp\/v2\/comments?post=7493"}],"version-history":[{"count":8,"href":"https:\/\/blog.polityka.pl\/adamczewski\/wp-json\/wp\/v2\/posts\/7493\/revisions"}],"predecessor-version":[{"id":7529,"href":"https:\/\/blog.polityka.pl\/adamczewski\/wp-json\/wp\/v2\/posts\/7493\/revisions\/7529"}],"wp:attachment":[{"href":"https:\/\/blog.polityka.pl\/adamczewski\/wp-json\/wp\/v2\/media?parent=7493"}],"wp:term":[{"taxonomy":"category","embeddable":true,"href":"https:\/\/blog.polityka.pl\/adamczewski\/wp-json\/wp\/v2\/categories?post=7493"},{"taxonomy":"post_tag","embeddable":true,"href":"https:\/\/blog.polityka.pl\/adamczewski\/wp-json\/wp\/v2\/tags?post=7493"}],"curies":[{"name":"wp","href":"https:\/\/api.w.org\/{rel}","templated":true}]}}