
{"id":752,"date":"2009-02-11T08:00:59","date_gmt":"2009-02-11T07:00:59","guid":{"rendered":"http:\/\/adamczewski.blog.polityka.pl\/?p=752"},"modified":"2009-01-31T11:04:35","modified_gmt":"2009-01-31T10:04:35","slug":"zgadnij-co-gotujemy120","status":"publish","type":"post","link":"https:\/\/blog.polityka.pl\/adamczewski\/2009\/02\/11\/zgadnij-co-gotujemy120\/","title":{"rendered":"Zgadnij co gotujemy(120)?"},"content":{"rendered":"<p>Sto dwadzie\u015bcia tygodni trwa ta nasza zabawa. Czy to nie za d\u0142ugo? Teraz wszyscy lubi\u0105 zmiany. I to ci\u0105g\u0142e. Cho\u0107 nie zawsze sensowne. Dotyczy to wszystkich dziedzin \u017cycia. Ale ja jestem konserwatywny. Lubi\u0119 sklepy i restauracje, kt\u00f3re s\u0105 w tym samym miejscu od dziesi\u0119cioleci (jeszcze lepiej od stuleci) cho\u0107 to nie dotyczy niestety naszego kraju), nie znosz\u0119 przemeblowywania sklep\u00f3w, bo zaczynam w nich b\u0142\u0105dzi\u0107 (i o to chodzi handlowcom bym w\u0119drowa\u0142 po\u015br\u00f3d p\u00f3\u0142ek jak najd\u0142u\u017cej) i z\u0142oszcz\u0119 si\u0119 &#8211; wi\u0119c nie kupuj\u0119.<\/p>\n<p>Po to to wszystko napisa\u0142em, by zawiadomi\u0107 Was, \u017ce quizy b\u0119d\u0105 trwa\u0107 d\u0142u\u017cej ni\u017c niekt\u00f3re supermarkety. Postaram si\u0119 tylko nie powtarza\u0107 tych samych zagadek (cho\u0107 czasem mi si\u0119 r\u00f3\u017cne wpadki zdarzaj\u0105). No i bywaj\u0105 k\u0142opoty z nagrodami. W chwilach brak\u00f3w si\u0119gam na w\u0142asn\u0105 p\u00f3\u0142k\u0119. Nie dziwcie si\u0119 wi\u0119c, \u017ce czasem nagroda\u00a0 by\u0142a ju\u017c wcze\u015bniej przeczytana.<\/p>\n<p>Ruszajmy wi\u0119c do kolejnych zmaga\u0144 z pami\u0119ci\u0105:<br \/>\n1 &#8211; Kwas omega-3 to jedna z g\u0142\u00f3wnych zalet ryb morskich. Jakie jeszcze produkty spo\u017cywcze zawieraj\u0105 ten kwas?<\/p>\n<p>2 &#8211; Niekt\u00f3re owoce, zw\u0142aszcza jagody i maliny, zawieraj\u0105 du\u017co witamin, minera\u0142\u00f3w, b\u0142onnika.\u00a0 Maj\u0105 jeszcze jeden element wp\u0142ywaj\u0105cy doskonale na sk\u00f3r\u0119 oczy i m\u00f3zg. O czym mowa?<\/p>\n<p>3\u00a0&#8211;\u00a0 Nie krzyk lecz kszyk mnie dzi\u015b interesuje. Co to takiego?<\/p>\n<p>No i kto pierwszy przy\u015ble prawid\u0142owe odpowiedzi? W nagrod\u0119 ksi\u0105\u017cka dla tych, kt\u00f3rzy koniecznie musz\u0105 zbi\u0107 wag\u0119\u00a0&#8211; &#8222;Pysznie do 300 kalorii&#8221;. Kto chce niech si\u0119 katuje. Ja tam nigdy kalorii nie widzia\u0142em. Czekam pod adresem <a href=\"mailto:internet@polityka.com.pl\">internet@polityka.com.pl<\/a><\/p>\n","protected":false},"excerpt":{"rendered":"<p>Sto dwadzie\u015bcia tygodni trwa ta nasza zabawa. Czy to nie za d\u0142ugo? Teraz wszyscy lubi\u0105 zmiany. I to ci\u0105g\u0142e. Cho\u0107 nie zawsze sensowne. Dotyczy to wszystkich dziedzin \u017cycia. Ale ja jestem konserwatywny. Lubi\u0119 sklepy i restauracje, kt\u00f3re s\u0105 w tym samym miejscu od dziesi\u0119cioleci (jeszcze lepiej od stuleci) cho\u0107 to nie dotyczy niestety naszego kraju), [&hellip;]<\/p>\n","protected":false},"author":2,"featured_media":0,"comment_status":"open","ping_status":"open","sticky":false,"template":"","format":"standard","meta":{"footnotes":""},"categories":[1],"tags":[],"_links":{"self":[{"href":"https:\/\/blog.polityka.pl\/adamczewski\/wp-json\/wp\/v2\/posts\/752"}],"collection":[{"href":"https:\/\/blog.polityka.pl\/adamczewski\/wp-json\/wp\/v2\/posts"}],"about":[{"href":"https:\/\/blog.polityka.pl\/adamczewski\/wp-json\/wp\/v2\/types\/post"}],"author":[{"embeddable":true,"href":"https:\/\/blog.polityka.pl\/adamczewski\/wp-json\/wp\/v2\/users\/2"}],"replies":[{"embeddable":true,"href":"https:\/\/blog.polityka.pl\/adamczewski\/wp-json\/wp\/v2\/comments?post=752"}],"version-history":[{"count":0,"href":"https:\/\/blog.polityka.pl\/adamczewski\/wp-json\/wp\/v2\/posts\/752\/revisions"}],"wp:attachment":[{"href":"https:\/\/blog.polityka.pl\/adamczewski\/wp-json\/wp\/v2\/media?parent=752"}],"wp:term":[{"taxonomy":"category","embeddable":true,"href":"https:\/\/blog.polityka.pl\/adamczewski\/wp-json\/wp\/v2\/categories?post=752"},{"taxonomy":"post_tag","embeddable":true,"href":"https:\/\/blog.polityka.pl\/adamczewski\/wp-json\/wp\/v2\/tags?post=752"}],"curies":[{"name":"wp","href":"https:\/\/api.w.org\/{rel}","templated":true}]}}