
{"id":7551,"date":"2013-10-15T07:00:25","date_gmt":"2013-10-15T05:00:25","guid":{"rendered":"http:\/\/adamczewski.blog.polityka.pl\/?p=7551"},"modified":"2013-09-29T18:51:45","modified_gmt":"2013-09-29T16:51:45","slug":"piosenka-rosjan-na-polskiej-granicy","status":"publish","type":"post","link":"https:\/\/blog.polityka.pl\/adamczewski\/2013\/10\/15\/piosenka-rosjan-na-polskiej-granicy\/","title":{"rendered":"Piosenka Rosjan na polskiej granicy"},"content":{"rendered":"<p>Okazuje si\u0119, \u017ce supermarkety, a zw\u0142aszcza sklepy dyskontowe, mog\u0105 wp\u0142ywa\u0107 na stosunki s\u0105siedzkie. Oto dow\u00f3d na umacnianie si\u0119 przyja\u017ani dw\u00f3ch s\u0142owia\u0144skich nacji dzi\u0119ki Niemcom i Portugalczykom. Przytoczona poni\u017cej piosenka powsta\u0142a podczas czterech godzin sp\u0119dzonych przez rosyjski zesp\u00f3\u0142 rockowy na polsko- rosyjskim przej\u015bciu granicznym. Utw\u00f3r ten zdoby\u0142 wielk\u0105 popularno\u015b\u0107 zar\u00f3wno w okr\u0119gu kaliningradzkim jak i w reszcie Rosji. Niestety mog\u0119 przytoczy\u0107 tylko tekst. Muzyka jest ? podobno ? bardzo efektowna.<\/p>\n<p><!--more--><\/p>\n<p><em>Wstajemy o \u015bwicie, wci\u0105gamy rajstopki<br \/>\nJedziemy do Polski, dawajcie przez Grzechotki!<br \/>\nDzisiaj mamy wolne, w po\u0142owie tygodnia<br \/>\nMi\u0142o jest \u015bwi\u0119towa\u0107 ? Dzie\u0144 Rosji tego dnia<br \/>\nFur na przej\u015bciu mn\u00f3stwo, to nie jest m\u0119cz\u0105ce<br \/>\nDo Bartoszyc przyjad\u0105 dzi\u015b Rosjan tysi\u0105ce<br \/>\nA je\u015bli nie wierzysz, to daj\u0119 Ci s\u0142owo<br \/>\nNa bank ich zobaczy te\u017c dzisiaj Braniewo<br \/>\nZa kie\u0142bas\u0105 i piwem prawdziwa nagonka<br \/>\nDzie\u0144 dobry Lidlu, dzie\u0144 dobry Biedronka!<br \/>\nI ruszy\u0142 do Polski kaliningradzki ?pipl? (od ang. people)<br \/>\nDzie\u0144 dobry Biedronka, dzie\u0144 dobry Lidl!<br \/>\nChcia\u0142by\u015b pop\u0142ywa\u0107, k\u0105piel bez k\u0142opotu<br \/>\npo co w Druskiennikach, wpadaj do Sopotu<br \/>\nKumpli nie widujesz, i t\u0119sknisz za Wa\u015bk\u0105<br \/>\nnie spotkasz ich dzi\u015b u nas, bo spotkasz ich w Gda\u0144sku<br \/>\nZa kie\u0142bas\u0105 i piwem prawdziwa nagonka<br \/>\nDzie\u0144 dobry Lidlu, dzie\u0144 dobry Biedronka!<br \/>\nI ruszy\u0142 do Polski kaliningradzki ?pipl?<br \/>\nDzie\u0144 dobry Biedronka, dzie\u0144 dobry Lidl!<br \/>\nHotdogi na stacji, morze, pla\u017ca czysta<br \/>\n\u015alady Koli Kopernika &#8211; sprawa oczywista<br \/>\nPiwo w restauracji podaj\u0105 a\u017c mi\u0142o<br \/>\nTanio, jak w \u017cadnym sklepie u nas by nie by\u0142o<br \/>\nZa kie\u0142bas\u0105 i piwem \u015bmiertelna nagonka<br \/>\nDzie\u0144 dobry Lidlu, dzie\u0144 dobry Biedronka!<br \/>\nI ruszy\u0142 do Polski kaliningradzki ?pipl?<br \/>\nDzie\u0144 dobry Biedronka, dzie\u0144 dobry Lidl!<br \/>\nTani alkohol, smaczna polska w\u00f3dka<br \/>\nWitaj Lidl i witaj Biedronka!<br \/>\nW\u00f3zki ju\u017c pe\u0142ne, gdzie teraz do ch?a<br \/>\nWitaj Auchanie i witaj Ikea!<br \/>\n<\/em>Lepszy to utw\u00f3r, a na pewno weselszy, ni\u017c pie\u015bni Dunajewskiego.<\/p>\n","protected":false},"excerpt":{"rendered":"<p>Okazuje si\u0119, \u017ce supermarkety, a zw\u0142aszcza sklepy dyskontowe, mog\u0105 wp\u0142ywa\u0107 na stosunki s\u0105siedzkie. Oto dow\u00f3d na umacnianie si\u0119 przyja\u017ani dw\u00f3ch s\u0142owia\u0144skich nacji dzi\u0119ki Niemcom i Portugalczykom. Przytoczona poni\u017cej piosenka powsta\u0142a podczas czterech godzin sp\u0119dzonych przez rosyjski zesp\u00f3\u0142 rockowy na polsko- rosyjskim przej\u015bciu granicznym. Utw\u00f3r ten zdoby\u0142 wielk\u0105 popularno\u015b\u0107 zar\u00f3wno w okr\u0119gu kaliningradzkim jak i w [&hellip;]<\/p>\n","protected":false},"author":2,"featured_media":0,"comment_status":"open","ping_status":"closed","sticky":false,"template":"","format":"standard","meta":{"footnotes":""},"categories":[1],"tags":[],"_links":{"self":[{"href":"https:\/\/blog.polityka.pl\/adamczewski\/wp-json\/wp\/v2\/posts\/7551"}],"collection":[{"href":"https:\/\/blog.polityka.pl\/adamczewski\/wp-json\/wp\/v2\/posts"}],"about":[{"href":"https:\/\/blog.polityka.pl\/adamczewski\/wp-json\/wp\/v2\/types\/post"}],"author":[{"embeddable":true,"href":"https:\/\/blog.polityka.pl\/adamczewski\/wp-json\/wp\/v2\/users\/2"}],"replies":[{"embeddable":true,"href":"https:\/\/blog.polityka.pl\/adamczewski\/wp-json\/wp\/v2\/comments?post=7551"}],"version-history":[{"count":1,"href":"https:\/\/blog.polityka.pl\/adamczewski\/wp-json\/wp\/v2\/posts\/7551\/revisions"}],"predecessor-version":[{"id":7552,"href":"https:\/\/blog.polityka.pl\/adamczewski\/wp-json\/wp\/v2\/posts\/7551\/revisions\/7552"}],"wp:attachment":[{"href":"https:\/\/blog.polityka.pl\/adamczewski\/wp-json\/wp\/v2\/media?parent=7551"}],"wp:term":[{"taxonomy":"category","embeddable":true,"href":"https:\/\/blog.polityka.pl\/adamczewski\/wp-json\/wp\/v2\/categories?post=7551"},{"taxonomy":"post_tag","embeddable":true,"href":"https:\/\/blog.polityka.pl\/adamczewski\/wp-json\/wp\/v2\/tags?post=7551"}],"curies":[{"name":"wp","href":"https:\/\/api.w.org\/{rel}","templated":true}]}}