
{"id":757,"date":"2009-02-18T08:00:31","date_gmt":"2009-02-18T07:00:31","guid":{"rendered":"http:\/\/adamczewski.blog.polityka.pl\/?p=757"},"modified":"2009-02-04T14:34:21","modified_gmt":"2009-02-04T13:34:21","slug":"zgadnij-co-gotujemy121","status":"publish","type":"post","link":"https:\/\/blog.polityka.pl\/adamczewski\/2009\/02\/18\/zgadnij-co-gotujemy121\/","title":{"rendered":"Zgadnij co gotujemy(121)?"},"content":{"rendered":"<p>Plany urlopowe trzeba robi\u0107 zawczasu. Ja na takim wczesnym planowaniu i organizowaniu rodzinnego urlopu zawsze dobrze wychodz\u0119. Dlatego te\u017c wszystkim doradzam to samo . Dzi\u015b wi\u0119c mo\u017cecie wygra\u0107 przewodnik po Kurpiach Zielonych\u00a0&#8211; okolicy pi\u0119knej i jeszcze niezbyt znanej. O samym przewodniku napisz\u0119 jutro. Dzi\u015b tylko zgadywanki, dzi\u0119ki kt\u00f3rym\u00a0&#8211; je\u015bli dobrze odpowiecie na trzy pytania i szybko je przy\u015blecie na adres <a href=\"mailto:internet@polityka.com.pl\">internet@polityka.com.pl<\/a>\u00a0 &#8211; b\u0119dziecie mogli przygotowa\u0107 wycieczk\u0119 atrakcyjn\u0105 i niezbyt drog\u0105. Oto pytania:<\/p>\n<p>1 &#8211; Co to takiego rejbag?<\/p>\n<p>2 &#8211; Co jest podstaw\u0105 przy warzeniu piwa kozicowego?<\/p>\n<p>3 &#8211; Kiedy Kurpianki piek\u0105 fafernuchy?<\/p>\n<p>I tyle jest pyta\u0144 w dzisiejszym quizie. Czekam na odpowiedzi. A mieszka\u0144c\u00f3w Kurpi nie dyskryminuj\u0119, cho\u0107 oczywi\u015bcie oni maj\u0105 \u0142atwiej.<\/p>\n<p>\u00a0<\/p>\n","protected":false},"excerpt":{"rendered":"<p>Plany urlopowe trzeba robi\u0107 zawczasu. Ja na takim wczesnym planowaniu i organizowaniu rodzinnego urlopu zawsze dobrze wychodz\u0119. Dlatego te\u017c wszystkim doradzam to samo . Dzi\u015b wi\u0119c mo\u017cecie wygra\u0107 przewodnik po Kurpiach Zielonych\u00a0&#8211; okolicy pi\u0119knej i jeszcze niezbyt znanej. O samym przewodniku napisz\u0119 jutro. Dzi\u015b tylko zgadywanki, dzi\u0119ki kt\u00f3rym\u00a0&#8211; je\u015bli dobrze odpowiecie na trzy pytania i [&hellip;]<\/p>\n","protected":false},"author":2,"featured_media":0,"comment_status":"open","ping_status":"open","sticky":false,"template":"","format":"standard","meta":{"footnotes":""},"categories":[1],"tags":[],"_links":{"self":[{"href":"https:\/\/blog.polityka.pl\/adamczewski\/wp-json\/wp\/v2\/posts\/757"}],"collection":[{"href":"https:\/\/blog.polityka.pl\/adamczewski\/wp-json\/wp\/v2\/posts"}],"about":[{"href":"https:\/\/blog.polityka.pl\/adamczewski\/wp-json\/wp\/v2\/types\/post"}],"author":[{"embeddable":true,"href":"https:\/\/blog.polityka.pl\/adamczewski\/wp-json\/wp\/v2\/users\/2"}],"replies":[{"embeddable":true,"href":"https:\/\/blog.polityka.pl\/adamczewski\/wp-json\/wp\/v2\/comments?post=757"}],"version-history":[{"count":0,"href":"https:\/\/blog.polityka.pl\/adamczewski\/wp-json\/wp\/v2\/posts\/757\/revisions"}],"wp:attachment":[{"href":"https:\/\/blog.polityka.pl\/adamczewski\/wp-json\/wp\/v2\/media?parent=757"}],"wp:term":[{"taxonomy":"category","embeddable":true,"href":"https:\/\/blog.polityka.pl\/adamczewski\/wp-json\/wp\/v2\/categories?post=757"},{"taxonomy":"post_tag","embeddable":true,"href":"https:\/\/blog.polityka.pl\/adamczewski\/wp-json\/wp\/v2\/tags?post=757"}],"curies":[{"name":"wp","href":"https:\/\/api.w.org\/{rel}","templated":true}]}}