
{"id":7627,"date":"2013-10-21T07:00:58","date_gmt":"2013-10-21T05:00:58","guid":{"rendered":"http:\/\/adamczewski.blog.polityka.pl\/?p=7627"},"modified":"2013-10-20T14:32:31","modified_gmt":"2013-10-20T12:32:31","slug":"powrot-marnotrawnego-ale-za-to%e2%80%a6-na-krotko","status":"publish","type":"post","link":"https:\/\/blog.polityka.pl\/adamczewski\/2013\/10\/21\/powrot-marnotrawnego-ale-za-to%e2%80%a6-na-krotko\/","title":{"rendered":"Powr\u00f3t marnotrawnego ale za to&#8230; na kr\u00f3tko"},"content":{"rendered":"<p>Z rado\u015bci\u0105 zauwa\u017cy\u0142em ( to nie zgry\u017aliwo\u015b\u0107 tylko szczera frajda), \u017ce podczas mojej nieobecno\u015bci i wpis\u00f3w z tzw. &#8222;puszki&#8221;, bawicie si\u0119 doskonale i bez zbytnich wstrz\u0105s\u00f3w. Dlatego te\u017c po powrocie z tygodniowej eskapady po Costa Blanca zajm\u0119 dwa dni na relacje z podr\u00f3\u017cy i zn\u00f3w znikn\u0119 na pewien czas. Tym razem jad\u0119 do Portugalii (niestety bez Basi), by pozwiedza\u0107 tamtejsze winnice w okolicach Lizbony i Porto.<\/p>\n<p><!--more--><br \/>\n<a href=\"\/wp-content\/uploads\/2013\/10\/Benidorm-widok-z-okna-noc\u01051.jpg\"><img loading=\"lazy\" decoding=\"async\" class=\"aligncenter size-medium wp-image-7632\" title=\"OLYMPUS DIGITAL CAMERA\" src=\"\/wp-content\/uploads\/2013\/10\/Benidorm-widok-z-okna-noc\u01051-300x225.jpg\" alt=\"\" width=\"300\" height=\"225\" srcset=\"\/adamczewski\/wp-content\/uploads\/2013\/10\/Benidorm-widok-z-okna-noc\u01051-300x225.jpg 300w, \/adamczewski\/wp-content\/uploads\/2013\/10\/Benidorm-widok-z-okna-noc\u01051.jpg 640w\" sizes=\"(max-width: 300px) 100vw, 300px\" \/><\/a><\/p>\n<p><em>Widok z okna na nocny Benidorm<\/em><\/p>\n<p>Najpierw kilka zda\u0144 o zaletach wypoczynku jesiennego. Tu, na Costa Blanca, jest nadal lato. Przez sze\u015b\u0107 dni temperatura waha\u0142a si\u0119 mi\u0119dzy 26 a 29 st. Celsjusza a s\u0142o\u0144ca nie przes\u0142ania\u0142y \u017cadne chmurki. Woda tak\u017ce przekracza\u0142a naj\u015bmielsze wyobra\u017cenia o morskich k\u0105pielach (zw\u0142aszcza w Ba\u0142tyku), bo oferowa\u0142a sta\u0142e 24 st. C. Do tego pi\u0119kne piaszczyste pla\u017ce i mo\u017cliwo\u015b\u0107 wielokilometrowych w\u0119dr\u00f3wek lub narty wodne i inne ekstremalne sporty.<br \/>\nJe\u015bli doda\u0107 do tego setki mniejszych i wi\u0119kszych lokali czynnych do p\u00f3\u017ana w nocy, a w nich wspania\u0142e potrawy kuchni hiszpa\u0144skiej (jak kto wola\u0142, to m\u00f3g\u0142 zjada\u0107 wyroby kucharzy ameryka\u0144skich np. gigantyczne ociekaj\u0105ce t\u0142uszczem pieczone \u017ceberka lub angielskie specja\u0142y), wielki wyb\u00f3r win dziesi\u0105tki rodzaj\u00f3w kawy, to wida\u0107, \u017ce jesie\u0144 w Hiszpanii to pi\u0119kna dla urlopowicz\u00f3w pora.<\/p>\n<p><a href=\"\/wp-content\/uploads\/2013\/10\/Benidorm-z-okna-czyli-Manhattan1.jpg\"><img loading=\"lazy\" decoding=\"async\" class=\"aligncenter size-medium wp-image-7633\" title=\"OLYMPUS DIGITAL CAMERA\" src=\"\/wp-content\/uploads\/2013\/10\/Benidorm-z-okna-czyli-Manhattan1-300x225.jpg\" alt=\"\" width=\"300\" height=\"225\" srcset=\"\/adamczewski\/wp-content\/uploads\/2013\/10\/Benidorm-z-okna-czyli-Manhattan1-300x225.jpg 300w, \/adamczewski\/wp-content\/uploads\/2013\/10\/Benidorm-z-okna-czyli-Manhattan1.jpg 640w\" sizes=\"(max-width: 300px) 100vw, 300px\" \/><\/a><\/p>\n<p><em>A tym razem pla\u017ca o poranku<\/em><\/p>\n<p>Wybrali\u015bmy kurort Benidorm le\u017c\u0105cy mi\u0119dzy Alicante a Walencj\u0105 ze wzgl\u0119d\u00f3w rodzinnych. St\u0105d mieli\u015bmy blisko do studiuj\u0105cego w\u0142a\u015bnie w Walencji wnuka (i tyle s\u0142\u00f3w o rodzinie) a o tej starej arabskiej rybackiej osadzie nie wiedzieli\u015bmy nic. W stan szoku wprawi\u0142 wi\u0119c nas widok Manhattanu wyrastaj\u0105cego wprost z pla\u017cy. Setki hoteli wybudowano tu w ostatnich latach, bo pla\u017ce i klimat przyci\u0105ga\u0142y turyst\u00f3w ze \u015bwiata. Dzi\u015b po\u015br\u00f3d wie\u017cowc\u00f3w znale\u017a\u0107 mo\u017cna pojedyncze egzemplarze dawnych domk\u00f3w, kt\u00f3re opar\u0142y si\u0119 molochom hotelarstwa.<br \/>\n<a href=\"\/wp-content\/uploads\/2013\/10\/Benidorm-stary-i-nowy-w-tle.jpg\"><img loading=\"lazy\" decoding=\"async\" class=\"aligncenter size-medium wp-image-7634\" title=\"OLYMPUS DIGITAL CAMERA\" src=\"\/wp-content\/uploads\/2013\/10\/Benidorm-stary-i-nowy-w-tle-225x300.jpg\" alt=\"\" width=\"225\" height=\"300\" srcset=\"\/adamczewski\/wp-content\/uploads\/2013\/10\/Benidorm-stary-i-nowy-w-tle-225x300.jpg 225w, \/adamczewski\/wp-content\/uploads\/2013\/10\/Benidorm-stary-i-nowy-w-tle.jpg 360w\" sizes=\"(max-width: 225px) 100vw, 225px\" \/><\/a><\/p>\n<p><em>Stara architektura na tle dzisiejszej<\/em><\/p>\n<p>Szybko mo\u017cna si\u0119 do tego widoku przyzwyczai\u0107, zw\u0142aszcza, \u017ce i tak ca\u0142y czas patrzy si\u0119 w stron\u0119 morza lub w\u0119druje po pobliskich g\u00f3rach. A mieszka\u0107 gdzie\u015b trzeba.<\/p>\n<p><a href=\"\/wp-content\/uploads\/2013\/10\/Benidorm-paloma-blanca.jpg\"><img loading=\"lazy\" decoding=\"async\" class=\"aligncenter size-medium wp-image-7635\" title=\"OLYMPUS DIGITAL CAMERA\" src=\"\/wp-content\/uploads\/2013\/10\/Benidorm-paloma-blanca-300x225.jpg\" alt=\"\" width=\"300\" height=\"225\" srcset=\"\/adamczewski\/wp-content\/uploads\/2013\/10\/Benidorm-paloma-blanca-300x225.jpg 300w, \/adamczewski\/wp-content\/uploads\/2013\/10\/Benidorm-paloma-blanca.jpg 640w\" sizes=\"(max-width: 300px) 100vw, 300px\" \/><\/a><em>To paloma blanca w starej dzielnicy<br \/>\n<\/em>Jest te\u017c\u00a0&#8211; to dla uspokojenia przeciwnik\u00f3w industrializacji &#8211;\u00a0 stara dzielnica z w\u0105skimi uliczkami i dwu-trzypietrowymi budyneczkami z XIX oraz pocz\u0105tk\u00f3w XX wieku, pe\u0142na ma\u0142ych restauracyjek jak za dawnych lat.<\/p>\n<p><a href=\"\/wp-content\/uploads\/2013\/10\/Benidorm-z-okna-wyci\u0105g-narciarski.jpg\"><img loading=\"lazy\" decoding=\"async\" class=\"aligncenter size-medium wp-image-7636\" title=\"OLYMPUS DIGITAL CAMERA\" src=\"\/wp-content\/uploads\/2013\/10\/Benidorm-z-okna-wyci\u0105g-narciarski-300x225.jpg\" alt=\"\" width=\"300\" height=\"225\" srcset=\"\/adamczewski\/wp-content\/uploads\/2013\/10\/Benidorm-z-okna-wyci\u0105g-narciarski-300x225.jpg 300w, \/adamczewski\/wp-content\/uploads\/2013\/10\/Benidorm-z-okna-wyci\u0105g-narciarski.jpg 640w\" sizes=\"(max-width: 300px) 100vw, 300px\" \/><\/a><\/p>\n<p><em>Co rano ogl\u0105da\u0142em stacj\u0119 startow\u0105 narciarzy wodnych<\/em><\/p>\n<p><em>Fot. P. Adamczewski<\/em><\/p>\n<p><em><br \/>\n<\/em>Czyli co\u015b dla ducha i co\u015b dla cia\u0142a. S\u0142owem\u00a0&#8211; bardzo smacznie! A o tym &#8222;smacznie&#8221; b\u0119dzie jutro.<\/p>\n","protected":false},"excerpt":{"rendered":"<p>Z rado\u015bci\u0105 zauwa\u017cy\u0142em ( to nie zgry\u017aliwo\u015b\u0107 tylko szczera frajda), \u017ce podczas mojej nieobecno\u015bci i wpis\u00f3w z tzw. &#8222;puszki&#8221;, bawicie si\u0119 doskonale i bez zbytnich wstrz\u0105s\u00f3w. Dlatego te\u017c po powrocie z tygodniowej eskapady po Costa Blanca zajm\u0119 dwa dni na relacje z podr\u00f3\u017cy i zn\u00f3w znikn\u0119 na pewien czas. Tym razem jad\u0119 do Portugalii (niestety [&hellip;]<\/p>\n","protected":false},"author":2,"featured_media":0,"comment_status":"open","ping_status":"closed","sticky":false,"template":"","format":"standard","meta":{"footnotes":""},"categories":[1],"tags":[],"_links":{"self":[{"href":"https:\/\/blog.polityka.pl\/adamczewski\/wp-json\/wp\/v2\/posts\/7627"}],"collection":[{"href":"https:\/\/blog.polityka.pl\/adamczewski\/wp-json\/wp\/v2\/posts"}],"about":[{"href":"https:\/\/blog.polityka.pl\/adamczewski\/wp-json\/wp\/v2\/types\/post"}],"author":[{"embeddable":true,"href":"https:\/\/blog.polityka.pl\/adamczewski\/wp-json\/wp\/v2\/users\/2"}],"replies":[{"embeddable":true,"href":"https:\/\/blog.polityka.pl\/adamczewski\/wp-json\/wp\/v2\/comments?post=7627"}],"version-history":[{"count":4,"href":"https:\/\/blog.polityka.pl\/adamczewski\/wp-json\/wp\/v2\/posts\/7627\/revisions"}],"predecessor-version":[{"id":7638,"href":"https:\/\/blog.polityka.pl\/adamczewski\/wp-json\/wp\/v2\/posts\/7627\/revisions\/7638"}],"wp:attachment":[{"href":"https:\/\/blog.polityka.pl\/adamczewski\/wp-json\/wp\/v2\/media?parent=7627"}],"wp:term":[{"taxonomy":"category","embeddable":true,"href":"https:\/\/blog.polityka.pl\/adamczewski\/wp-json\/wp\/v2\/categories?post=7627"},{"taxonomy":"post_tag","embeddable":true,"href":"https:\/\/blog.polityka.pl\/adamczewski\/wp-json\/wp\/v2\/tags?post=7627"}],"curies":[{"name":"wp","href":"https:\/\/api.w.org\/{rel}","templated":true}]}}