
{"id":7641,"date":"2013-10-22T07:00:46","date_gmt":"2013-10-22T05:00:46","guid":{"rendered":"http:\/\/adamczewski.blog.polityka.pl\/?p=7641"},"modified":"2013-10-22T08:15:57","modified_gmt":"2013-10-22T06:15:57","slug":"za-hiszpanskim-stolem-i-na-stole-ale-nie-pod-stolem","status":"publish","type":"post","link":"https:\/\/blog.polityka.pl\/adamczewski\/2013\/10\/22\/za-hiszpanskim-stolem-i-na-stole-ale-nie-pod-stolem\/","title":{"rendered":"Za hiszpa\u0144skim sto\u0142em (i na stole ale nie pod sto\u0142em)"},"content":{"rendered":"<p>Najpierw radosna konstatacja po spojrzeniu na \u0142azienkow\u0105 wag\u0119, na kt\u00f3r\u0105 oczywi\u015bcie wlaz\u0142em po powrocie do domu. Ot\u00f3\u017c mimo jadania wszystkiego na co mia\u0142em ochot\u0119 i popijania tego winem (z pewnym jednak umiarkowaniem) schud\u0142em trzy kilogramy. Oto si\u0142a \u015br\u00f3dziemnomorskiej diety, powietrza, morza i wielokilometrowych w\u0119dr\u00f3wek.<\/p>\n<p><!--more--><\/p>\n<p>\u015aniadania by\u0142y nieco monotonne bo sk\u0142ada\u0142y si\u0119 z sadzonych jajek w towarzystwie r\u00f3\u017cnych ser\u00f3w i w\u0119dlin.<\/p>\n<p>W po\u0142udnie bywa\u0142y na og\u00f3\u0142 sa\u0142aty oraz owoce.<\/p>\n<p><a href=\"\/wp-content\/uploads\/2013\/10\/Paella-tez-dla-dw\u00f3jki.jpg\"><img loading=\"lazy\" decoding=\"async\" class=\"aligncenter size-medium wp-image-7643\" title=\"OLYMPUS DIGITAL CAMERA\" src=\"\/wp-content\/uploads\/2013\/10\/Paella-tez-dla-dw\u00f3jki-300x225.jpg\" alt=\"\" width=\"300\" height=\"225\" srcset=\"\/adamczewski\/wp-content\/uploads\/2013\/10\/Paella-tez-dla-dw\u00f3jki-300x225.jpg 300w, \/adamczewski\/wp-content\/uploads\/2013\/10\/Paella-tez-dla-dw\u00f3jki.jpg 640w\" sizes=\"(max-width: 300px) 100vw, 300px\" \/><\/a><\/p>\n<p><em>Paella z owocami morza dla dw\u00f3jki a nawet tr\u00f3jki smakoszy<\/em><\/p>\n<p>Dopiero wieczorem rozpoczyna\u0142a si\u0119 zabawa w poznawanie po\u0142udniowo-hiszpa\u0144skiej kuchni. Tylko raz skusili\u015bmy si\u0119 na plaster baraniego ud\u017aca podanego tylko z pieprzem (nie zrobi\u0142o to na nas wstrz\u0105saj\u0105cego wra\u017cenia), by przez wszystkie pozosta\u0142e wieczory zmienia\u0107 dania ale zawsze\u00a0 by\u0142y to kombinacje z ryb i owoc\u00f3w morza.<\/p>\n<p><a href=\"\/wp-content\/uploads\/2013\/10\/Zarzuela-ale-dla-dwojga1.jpg\"><img loading=\"lazy\" decoding=\"async\" class=\"aligncenter size-medium wp-image-7647\" title=\"OLYMPUS DIGITAL CAMERA\" src=\"\/wp-content\/uploads\/2013\/10\/Zarzuela-ale-dla-dwojga1-300x225.jpg\" alt=\"\" width=\"300\" height=\"225\" srcset=\"\/adamczewski\/wp-content\/uploads\/2013\/10\/Zarzuela-ale-dla-dwojga1-300x225.jpg 300w, \/adamczewski\/wp-content\/uploads\/2013\/10\/Zarzuela-ale-dla-dwojga1.jpg 640w\" sizes=\"(max-width: 300px) 100vw, 300px\" \/><\/a><\/p>\n<p><em>Zarzuela to te\u017c porcja dla ca\u0142ej rodziny<\/em><\/p>\n<p><a href=\"\/wp-content\/uploads\/2013\/10\/Rybak-wy\u0142owi\u0142-kucharz-usma\u017cy\u0142-a-ja-zjad\u0142em1.jpg\"><img loading=\"lazy\" decoding=\"async\" class=\"aligncenter size-medium wp-image-7648\" title=\"OLYMPUS DIGITAL CAMERA\" src=\"\/wp-content\/uploads\/2013\/10\/Rybak-wy\u0142owi\u0142-kucharz-usma\u017cy\u0142-a-ja-zjad\u0142em1-300x225.jpg\" alt=\"\" width=\"300\" height=\"225\" srcset=\"\/adamczewski\/wp-content\/uploads\/2013\/10\/Rybak-wy\u0142owi\u0142-kucharz-usma\u017cy\u0142-a-ja-zjad\u0142em1-300x225.jpg 300w, \/adamczewski\/wp-content\/uploads\/2013\/10\/Rybak-wy\u0142owi\u0142-kucharz-usma\u017cy\u0142-a-ja-zjad\u0142em1.jpg 640w\" sizes=\"(max-width: 300px) 100vw, 300px\" \/><\/a><\/p>\n<p><em>Rybak wy\u0142owi\u0142, kucharz usma\u017cy\u0142 a ja zjad\u0142em<\/em><\/p>\n<p><a href=\"\/wp-content\/uploads\/2013\/10\/Ma\u0142\u017ce-w-ostrym-sosie.jpg\"><img loading=\"lazy\" decoding=\"async\" class=\"aligncenter size-medium wp-image-7649\" title=\"OLYMPUS DIGITAL CAMERA\" src=\"\/wp-content\/uploads\/2013\/10\/Ma\u0142\u017ce-w-ostrym-sosie-300x225.jpg\" alt=\"\" width=\"300\" height=\"225\" srcset=\"\/adamczewski\/wp-content\/uploads\/2013\/10\/Ma\u0142\u017ce-w-ostrym-sosie-300x225.jpg 300w, \/adamczewski\/wp-content\/uploads\/2013\/10\/Ma\u0142\u017ce-w-ostrym-sosie.jpg 640w\" sizes=\"(max-width: 300px) 100vw, 300px\" \/><\/a><\/p>\n<p><em>Ma\u0142\u017ce w ostrym sosie<\/em><\/p>\n<p><a href=\"\/wp-content\/uploads\/2013\/10\/Bacalao-pod-panierka-z-jajka-i-migda\u0142\u00f3w.jpg\"><img loading=\"lazy\" decoding=\"async\" class=\"aligncenter size-medium wp-image-7650\" title=\"OLYMPUS DIGITAL CAMERA\" src=\"\/wp-content\/uploads\/2013\/10\/Bacalao-pod-panierka-z-jajka-i-migda\u0142\u00f3w-300x225.jpg\" alt=\"\" width=\"300\" height=\"225\" srcset=\"\/adamczewski\/wp-content\/uploads\/2013\/10\/Bacalao-pod-panierka-z-jajka-i-migda\u0142\u00f3w-300x225.jpg 300w, \/adamczewski\/wp-content\/uploads\/2013\/10\/Bacalao-pod-panierka-z-jajka-i-migda\u0142\u00f3w.jpg 640w\" sizes=\"(max-width: 300px) 100vw, 300px\" \/><\/a><\/p>\n<p><em>Bacalao czyli dorsz w panierce z jajka i migda\u0142\u00f3w<\/em><\/p>\n<p><a href=\"\/wp-content\/uploads\/2013\/10\/Rapa-czyli-\u017cabnica-w-czosnku.jpg\"><img loading=\"lazy\" decoding=\"async\" class=\"aligncenter size-medium wp-image-7651\" title=\"OLYMPUS DIGITAL CAMERA\" src=\"\/wp-content\/uploads\/2013\/10\/Rapa-czyli-\u017cabnica-w-czosnku-225x300.jpg\" alt=\"\" width=\"225\" height=\"300\" srcset=\"\/adamczewski\/wp-content\/uploads\/2013\/10\/Rapa-czyli-\u017cabnica-w-czosnku-225x300.jpg 225w, \/adamczewski\/wp-content\/uploads\/2013\/10\/Rapa-czyli-\u017cabnica-w-czosnku.jpg 360w\" sizes=\"(max-width: 225px) 100vw, 225px\" \/><\/a><\/p>\n<p><em>Rapa czyli \u017cabnica w plasterkach czosnku z papryk\u0105<\/em><\/p>\n<p><a href=\"\/wp-content\/uploads\/2013\/10\/Sardynki-z-rusztu.jpg\"><img loading=\"lazy\" decoding=\"async\" class=\"aligncenter size-medium wp-image-7653\" title=\"OLYMPUS DIGITAL CAMERA\" src=\"\/wp-content\/uploads\/2013\/10\/Sardynki-z-rusztu-300x225.jpg\" alt=\"\" width=\"300\" height=\"225\" srcset=\"\/adamczewski\/wp-content\/uploads\/2013\/10\/Sardynki-z-rusztu-300x225.jpg 300w, \/adamczewski\/wp-content\/uploads\/2013\/10\/Sardynki-z-rusztu.jpg 640w\" sizes=\"(max-width: 300px) 100vw, 300px\" \/><\/a><\/p>\n<p><em>Sardynki z rusztu to pyszno\u015bci\u00a0\u00a0 Fot. P. Adamczewski<\/em><\/p>\n<p>Z win jedno zapad\u0142o nam g\u0142\u0119boko w pami\u0119\u0107 (przywie\u017ali\u015bmy wi\u0119c par\u0119 butelek), bo tak wspaniale owocowego, cytrusowego ale r\u00f3wnocze\u015bnie z posmakiem jab\u0142ek (niekt\u00f3rzy twierdz\u0105, \u017ce i moreli) a nawet banan\u00f3w dawno nie pili\u015bmy. Dopiero po powrocie okaza\u0142o si\u0119, \u017ce to wino Miguela Torresa jest w polskich sklepach (ok. 40\u00a0&#8211; 50 z\u0142 za butelk\u0119) ale pite pod s\u0142o\u0144cem Costa Blanca smakuje inaczej czyli jeszcze lepiej. Zw\u0142aszcza, \u017ce kosztuje po\u0142ow\u0119 polskiej ceny.<\/p>\n<p><a href=\"\/wp-content\/uploads\/2013\/10\/Mniejsza-porcja-to-krewetki.jpg\"><img loading=\"lazy\" decoding=\"async\" class=\"aligncenter size-medium wp-image-7654\" title=\"OLYMPUS DIGITAL CAMERA\" src=\"\/wp-content\/uploads\/2013\/10\/Mniejsza-porcja-to-krewetki-300x225.jpg\" alt=\"\" width=\"300\" height=\"225\" srcset=\"\/adamczewski\/wp-content\/uploads\/2013\/10\/Mniejsza-porcja-to-krewetki-300x225.jpg 300w, \/adamczewski\/wp-content\/uploads\/2013\/10\/Mniejsza-porcja-to-krewetki.jpg 640w\" sizes=\"(max-width: 300px) 100vw, 300px\" \/><\/a><\/p>\n<p>Narobiwszy sobie ( a mo\u017ce i innym) apetytu mog\u0119 spokojnie wsiada\u0107 w samolot i lecie\u0107 (nie na urlop lecz s\u0142u\u017cbowo)\u00a0prosto do Lizbony i Porto. A pozostaj\u0105cym nad Wis\u0142\u0105 (i innymi rzekami \u015bwiata) polecam na apetyt obrazki.<\/p>\n","protected":false},"excerpt":{"rendered":"<p>Najpierw radosna konstatacja po spojrzeniu na \u0142azienkow\u0105 wag\u0119, na kt\u00f3r\u0105 oczywi\u015bcie wlaz\u0142em po powrocie do domu. Ot\u00f3\u017c mimo jadania wszystkiego na co mia\u0142em ochot\u0119 i popijania tego winem (z pewnym jednak umiarkowaniem) schud\u0142em trzy kilogramy. Oto si\u0142a \u015br\u00f3dziemnomorskiej diety, powietrza, morza i wielokilometrowych w\u0119dr\u00f3wek.<\/p>\n","protected":false},"author":2,"featured_media":0,"comment_status":"open","ping_status":"closed","sticky":false,"template":"","format":"standard","meta":{"footnotes":""},"categories":[1],"tags":[],"_links":{"self":[{"href":"https:\/\/blog.polityka.pl\/adamczewski\/wp-json\/wp\/v2\/posts\/7641"}],"collection":[{"href":"https:\/\/blog.polityka.pl\/adamczewski\/wp-json\/wp\/v2\/posts"}],"about":[{"href":"https:\/\/blog.polityka.pl\/adamczewski\/wp-json\/wp\/v2\/types\/post"}],"author":[{"embeddable":true,"href":"https:\/\/blog.polityka.pl\/adamczewski\/wp-json\/wp\/v2\/users\/2"}],"replies":[{"embeddable":true,"href":"https:\/\/blog.polityka.pl\/adamczewski\/wp-json\/wp\/v2\/comments?post=7641"}],"version-history":[{"count":5,"href":"https:\/\/blog.polityka.pl\/adamczewski\/wp-json\/wp\/v2\/posts\/7641\/revisions"}],"predecessor-version":[{"id":7668,"href":"https:\/\/blog.polityka.pl\/adamczewski\/wp-json\/wp\/v2\/posts\/7641\/revisions\/7668"}],"wp:attachment":[{"href":"https:\/\/blog.polityka.pl\/adamczewski\/wp-json\/wp\/v2\/media?parent=7641"}],"wp:term":[{"taxonomy":"category","embeddable":true,"href":"https:\/\/blog.polityka.pl\/adamczewski\/wp-json\/wp\/v2\/categories?post=7641"},{"taxonomy":"post_tag","embeddable":true,"href":"https:\/\/blog.polityka.pl\/adamczewski\/wp-json\/wp\/v2\/tags?post=7641"}],"curies":[{"name":"wp","href":"https:\/\/api.w.org\/{rel}","templated":true}]}}