
{"id":771,"date":"2009-02-25T08:00:17","date_gmt":"2009-02-25T07:00:17","guid":{"rendered":"http:\/\/adamczewski.blog.polityka.pl\/?p=771"},"modified":"2009-02-16T17:39:42","modified_gmt":"2009-02-16T16:39:42","slug":"zgadnij-co-gotujemy-122","status":"publish","type":"post","link":"https:\/\/blog.polityka.pl\/adamczewski\/2009\/02\/25\/zgadnij-co-gotujemy-122\/","title":{"rendered":"Zgadnij co gotujemy (122)?"},"content":{"rendered":"<p>Dzi\u015b zabawa w rosyjsk\u0105 ruletk\u0119. Troch\u0119 jednak zmodyfikowan\u0105. Nikt nie zginie, cho\u0107 mo\u017ce troch\u0119 b\u0119dzie \u017ca\u0142owa\u0142, \u017ce si\u0119 w to wda\u0142. Ot\u00f3\u017c nagrod\u0105 b\u0119dzie dowolna nasza ksi\u0105\u017cka, a przysy\u0142aj\u0105c odpowied\u017a ka\u017cdy ma prawo wpisa\u0107 tytu\u0142, kt\u00f3ry chcia\u0142by mie\u0107. Wszystkie tytu\u0142y s\u0105 podane w kilku miejscach w Internecie: w naszej witrynie, w witrynie wydawcy lub w merlinie. Trzeba tylko poszuka\u0107. Powodzenia.<\/p>\n<p>A pytania, ju\u017c bez \u017cadnych podst\u0119p\u00f3w, s\u0105 takie:<\/p>\n<p>1 &#8211; Czym si\u0119 r\u00f3\u017cni babski comber od sarniego?<\/p>\n<p>2 &#8211; M\u0119czennica jadalna to dziewczynka bez apetytu?<\/p>\n<p>3 &#8211; Kurpiel to zapewne mieszkaniec Kurpii?<\/p>\n<p>Odpowiedzi jak zwykle prosz\u0119 wysy\u0142a\u0107 na adres: <a href=\"mailto:internet@polityka.com.pl\">internet@polityka.com.pl<\/a><br \/>\nKto pierwszy ten zwyci\u0119\u017cy. Zw\u0142aszcza je\u015bli nie zapomni o tytule nagrody.<\/p>\n<p>\u00a0<\/p>\n","protected":false},"excerpt":{"rendered":"<p>Dzi\u015b zabawa w rosyjsk\u0105 ruletk\u0119. Troch\u0119 jednak zmodyfikowan\u0105. Nikt nie zginie, cho\u0107 mo\u017ce troch\u0119 b\u0119dzie \u017ca\u0142owa\u0142, \u017ce si\u0119 w to wda\u0142. Ot\u00f3\u017c nagrod\u0105 b\u0119dzie dowolna nasza ksi\u0105\u017cka, a przysy\u0142aj\u0105c odpowied\u017a ka\u017cdy ma prawo wpisa\u0107 tytu\u0142, kt\u00f3ry chcia\u0142by mie\u0107. Wszystkie tytu\u0142y s\u0105 podane w kilku miejscach w Internecie: w naszej witrynie, w witrynie wydawcy lub w [&hellip;]<\/p>\n","protected":false},"author":2,"featured_media":0,"comment_status":"open","ping_status":"open","sticky":false,"template":"","format":"standard","meta":{"footnotes":""},"categories":[1],"tags":[],"_links":{"self":[{"href":"https:\/\/blog.polityka.pl\/adamczewski\/wp-json\/wp\/v2\/posts\/771"}],"collection":[{"href":"https:\/\/blog.polityka.pl\/adamczewski\/wp-json\/wp\/v2\/posts"}],"about":[{"href":"https:\/\/blog.polityka.pl\/adamczewski\/wp-json\/wp\/v2\/types\/post"}],"author":[{"embeddable":true,"href":"https:\/\/blog.polityka.pl\/adamczewski\/wp-json\/wp\/v2\/users\/2"}],"replies":[{"embeddable":true,"href":"https:\/\/blog.polityka.pl\/adamczewski\/wp-json\/wp\/v2\/comments?post=771"}],"version-history":[{"count":0,"href":"https:\/\/blog.polityka.pl\/adamczewski\/wp-json\/wp\/v2\/posts\/771\/revisions"}],"wp:attachment":[{"href":"https:\/\/blog.polityka.pl\/adamczewski\/wp-json\/wp\/v2\/media?parent=771"}],"wp:term":[{"taxonomy":"category","embeddable":true,"href":"https:\/\/blog.polityka.pl\/adamczewski\/wp-json\/wp\/v2\/categories?post=771"},{"taxonomy":"post_tag","embeddable":true,"href":"https:\/\/blog.polityka.pl\/adamczewski\/wp-json\/wp\/v2\/tags?post=771"}],"curies":[{"name":"wp","href":"https:\/\/api.w.org\/{rel}","templated":true}]}}